{"id":27529,"date":"2013-08-19T16:05:00","date_gmt":"2013-08-19T16:05:00","guid":{"rendered":"https:\/\/obscom.intervozes.org.br\/wordpress\/?p=27529"},"modified":"2013-08-19T16:05:00","modified_gmt":"2013-08-19T16:05:00","slug":"lei-da-midia-democratica-sera-lancada-no-dia-22-em-brasilia","status":"publish","type":"post","link":"https:\/\/obscom.intervozes.org.br\/?p=27529","title":{"rendered":"Lei da M\u00eddia Democr\u00e1tica ser\u00e1 lan\u00e7ada no dia 22 em Bras\u00edlia"},"content":{"rendered":"<p><strong>Reda&ccedil;&atilde;o &#8211; FNDC<\/strong><\/p>\n<p>A Lei da M&iacute;dia Democr&aacute;tica, o Projeto de Lei de Iniciativa Popular das Comunica&ccedil;&otilde;es, ser&aacute; lan&ccedil;ada nacionalmente no dia 22 de agosto, a partir das 9h, na C&acirc;mara dos Deputados, em Bras&iacute;lia. O evento ser&aacute; aberto ao p&uacute;blico e contar&aacute; com a presen&ccedil;a de representantes de movimentos sociais, ativistas, personalidades p&uacute;blicas e pol&iacute;ticos que apoiam a democratiza&ccedil;&atilde;o da comunica&ccedil;&atilde;o no Brasil.<\/p>\n<p>O projeto de lei da sociedade civil prop&otilde;e a regulamenta&ccedil;&atilde;o dos artigos da Constitui&ccedil;&atilde;o de 1988 que garantem a pluralidade e diversidade e impedem monop&oacute;lio ou oligop&oacute;lio dos meios de comunica&ccedil;&atilde;o de massa, estabelecendo princ&iacute;pios para a radiodifus&atilde;o sob concess&atilde;o p&uacute;blica (r&aacute;dio e televis&atilde;o).<\/p>\n<p>Mais informa&ccedil;&otilde;es em:&nbsp; <a href=\"https:\/\/www.facebook.com\/events\/204125323081827\/\">https:\/\/www.facebook.com\/events\/204125323081827\/<\/a> <\/p>\n","protected":false},"excerpt":{"rendered":"<p>Reda&ccedil;&atilde;o &#8211; FNDC A Lei da M&iacute;dia Democr&aacute;tica, o Projeto de Lei de Iniciativa Popular das Comunica&ccedil;&otilde;es, ser&aacute; lan&ccedil;ada nacionalmente no dia 22 de agosto, a partir das 9h, na C&acirc;mara dos Deputados, em Bras&iacute;lia. O evento ser&aacute; aberto ao p&uacute;blico e contar&aacute; com a presen&ccedil;a de representantes de movimentos sociais, ativistas, personalidades p&uacute;blicas e &hellip; <a href=\"https:\/\/obscom.intervozes.org.br\/?p=27529\" class=\"more-link\">Continue lendo <span class=\"screen-reader-text\">Lei da M\u00eddia Democr\u00e1tica ser\u00e1 lan\u00e7ada no dia 22 em Bras\u00edlia<\/span> <span class=\"meta-nav\">&rarr;<\/span><\/a><\/p>\n","protected":false},"author":1,"featured_media":0,"comment_status":"open","ping_status":"open","sticky":false,"template":"","format":"standard","meta":{"footnotes":""},"categories":[39],"tags":[],"_links":{"self":[{"href":"https:\/\/obscom.intervozes.org.br\/index.php?rest_route=\/wp\/v2\/posts\/27529"}],"collection":[{"href":"https:\/\/obscom.intervozes.org.br\/index.php?rest_route=\/wp\/v2\/posts"}],"about":[{"href":"https:\/\/obscom.intervozes.org.br\/index.php?rest_route=\/wp\/v2\/types\/post"}],"author":[{"embeddable":true,"href":"https:\/\/obscom.intervozes.org.br\/index.php?rest_route=\/wp\/v2\/users\/1"}],"replies":[{"embeddable":true,"href":"https:\/\/obscom.intervozes.org.br\/index.php?rest_route=%2Fwp%2Fv2%2Fcomments&post=27529"}],"version-history":[{"count":0,"href":"https:\/\/obscom.intervozes.org.br\/index.php?rest_route=\/wp\/v2\/posts\/27529\/revisions"}],"wp:attachment":[{"href":"https:\/\/obscom.intervozes.org.br\/index.php?rest_route=%2Fwp%2Fv2%2Fmedia&parent=27529"}],"wp:term":[{"taxonomy":"category","embeddable":true,"href":"https:\/\/obscom.intervozes.org.br\/index.php?rest_route=%2Fwp%2Fv2%2Fcategories&post=27529"},{"taxonomy":"post_tag","embeddable":true,"href":"https:\/\/obscom.intervozes.org.br\/index.php?rest_route=%2Fwp%2Fv2%2Ftags&post=27529"}],"curies":[{"name":"wp","href":"https:\/\/api.w.org\/{rel}","templated":true}]}}