{"id":27528,"date":"2013-08-19T15:27:11","date_gmt":"2013-08-19T15:27:11","guid":{"rendered":"https:\/\/obscom.intervozes.org.br\/wordpress\/?p=27528"},"modified":"2013-08-19T15:27:11","modified_gmt":"2013-08-19T15:27:11","slug":"ganancia-dos-empresarios-da-midia-destroi-o-radio","status":"publish","type":"post","link":"https:\/\/obscom.intervozes.org.br\/?p=27528","title":{"rendered":"Gan\u00e2ncia dos empres\u00e1rios da m\u00eddia destr\u00f3i o r\u00e1dio"},"content":{"rendered":"<p>H&aacute; algumas semanas, o Minist&eacute;rio das Comunica&ccedil;&otilde;es lan&ccedil;ou uma portaria (197) corrigindo alguns problemas t&eacute;cnicos da p&eacute;ssima regulamenta&ccedil;&atilde;o da j&aacute; ruim lei de R&aacute;dios Comunit&aacute;rias (9.612 de 1998). A portaria s&oacute; coloca no papel pequenas e urgentes corre&ccedil;&otilde;es de situa&ccedil;&otilde;es absurdas que as normas anteriores ignoravam, cujas altera&ccedil;&otilde;es a migra&ccedil;&atilde;o para o r&aacute;dio digital mostrou inevit&aacute;veis.<\/p>\n<p>A primeira delas &eacute; o uso de uma outra frequ&ecirc;ncia para o caso de haver interfer&ecirc;ncia entre duas emissoras. Se hoje o que acontece &eacute; a famosa linha cruzada, num sistema digital o resultado seria um &quot;apag&atilde;o das r&aacute;dios comunit&aacute;rias&quot;.<\/p>\n<p>Segundo ponto &eacute; o alcance das emissoras de baixa pot&ecirc;ncia. Todos sabem que um transmissor de 25 watts (pot&ecirc;ncia m&aacute;xima para as comunit&aacute;rias no Brasil) leva o sinal a mais que 3 km, mesmo assim a regulamenta&ccedil;&atilde;o anterior inventava um limite ilus&oacute;rio de mil metros. Os testes do r&aacute;dio digital s&oacute; refor&ccedil;aram a complica&ccedil;&atilde;o que esta defini&ccedil;&atilde;o trazia para o funcionamento das r&aacute;dios comunit&aacute;rias.<\/p>\n<p>O &uacute;ltimo ponto &eacute; a previs&atilde;o de que o governo possa fazer &quot;apoio cultural&quot; (an&uacute;ncio n&atilde;o comercial) nas comunit&aacute;rias.&nbsp; Assim como o com&eacute;rcio local j&aacute; faz, as empresas p&uacute;blicas poderiam veicular mensagens institucionais, al&eacute;m de minist&eacute;rios e secretarias divulgarem campanhas de utilidade p&uacute;blica. Nada mais natural permitir que o poder p&uacute;blico possa transmitir informa&ccedil;&otilde;es ao cidad&atilde;o por todos o canais poss&iacute;veis: r&aacute;dios comerciais, p&uacute;blicas e comunit&aacute;rias.<\/p>\n<p>S&atilde;o altera&ccedil;&otilde;es urgentes e pequenas em rela&ccedil;&atilde;o ao que precisa mudar para a garantia do direito humano &agrave; comunica&ccedil;&atilde;o.&nbsp; Mesmo assim, as empresas de m&iacute;dia foram reclamar ao ministro das Comunica&ccedil;&otilde;es.&nbsp; Isso mostra que ainda entendem as r&aacute;dios comunit&aacute;rias como concorr&ecirc;ncia e n&atilde;o como um complemento da comunica&ccedil;&atilde;o como diz a constitui&ccedil;&atilde;o.&nbsp; Pensam que matando as comunit&aacute;rias seriam beneficiados, pois enxergam a comunica&ccedil;&atilde;o como um neg&oacute;cio e a audi&ecirc;ncia como um produto a ser vendido para os anunciantes.<\/p>\n<p>Al&eacute;m de uma postura conservadora, mostram uma incompet&ecirc;ncia gerencial que pode resultar na morte do r&aacute;dio enquando meio de comunica&ccedil;&atilde;o de massa. Isso porque, desconhecem a &quot;economia de rede&quot;, muito utilizada na internet, segundo a qual quanto mais pessoas estiverem usando um determinado servi&ccedil;o, mais valor este possui.<\/p>\n<p>Liberdade de express&atilde;o se garante com democracia na comunica&ccedil;&atilde;o.&nbsp; Hoje as comunit&aacute;rias s&atilde;o a maioria das r&aacute;dios no Brasil. J&aacute; passou da hora do governo criar uma pol&iacute;tica p&uacute;blica que possibilite o funcionamento dessas emissoras. O sucesso do r&aacute;dio digital, da radiodifus&atilde;o e da democracia no Brasil depende disso.<\/p>\n<p><em>Arthur William &eacute; representante no Brasil da Associa&ccedil;&atilde;o Mundial de R&aacute;dios Comunit&aacute;rias <\/em><\/p>\n","protected":false},"excerpt":{"rendered":"<p>Empres&aacute;rios de radiodifus&atilde;o v&ecirc;m pressionando o governo para impedir ajustes na regula&ccedil;&atilde;o, prejudicando a digitaliza&ccedil;&atilde;o e a liberdade de express&atilde;o<\/p>\n","protected":false},"author":1,"featured_media":0,"comment_status":"open","ping_status":"open","sticky":false,"template":"","format":"standard","meta":{"footnotes":""},"categories":[42],"tags":[1778],"_links":{"self":[{"href":"https:\/\/obscom.intervozes.org.br\/index.php?rest_route=\/wp\/v2\/posts\/27528"}],"collection":[{"href":"https:\/\/obscom.intervozes.org.br\/index.php?rest_route=\/wp\/v2\/posts"}],"about":[{"href":"https:\/\/obscom.intervozes.org.br\/index.php?rest_route=\/wp\/v2\/types\/post"}],"author":[{"embeddable":true,"href":"https:\/\/obscom.intervozes.org.br\/index.php?rest_route=\/wp\/v2\/users\/1"}],"replies":[{"embeddable":true,"href":"https:\/\/obscom.intervozes.org.br\/index.php?rest_route=%2Fwp%2Fv2%2Fcomments&post=27528"}],"version-history":[{"count":0,"href":"https:\/\/obscom.intervozes.org.br\/index.php?rest_route=\/wp\/v2\/posts\/27528\/revisions"}],"wp:attachment":[{"href":"https:\/\/obscom.intervozes.org.br\/index.php?rest_route=%2Fwp%2Fv2%2Fmedia&parent=27528"}],"wp:term":[{"taxonomy":"category","embeddable":true,"href":"https:\/\/obscom.intervozes.org.br\/index.php?rest_route=%2Fwp%2Fv2%2Fcategories&post=27528"},{"taxonomy":"post_tag","embeddable":true,"href":"https:\/\/obscom.intervozes.org.br\/index.php?rest_route=%2Fwp%2Fv2%2Ftags&post=27528"}],"curies":[{"name":"wp","href":"https:\/\/api.w.org\/{rel}","templated":true}]}}