{"id":27524,"date":"2013-08-14T17:27:02","date_gmt":"2013-08-14T17:27:02","guid":{"rendered":"https:\/\/obscom.intervozes.org.br\/wordpress\/?p=27524"},"modified":"2013-08-14T17:27:02","modified_gmt":"2013-08-14T17:27:02","slug":"o-abandono-das-politicas-locais-de-comunicacao","status":"publish","type":"post","link":"https:\/\/obscom.intervozes.org.br\/?p=27524","title":{"rendered":"O abandono das pol\u00edticas locais de comunica\u00e7\u00e3o"},"content":{"rendered":"<p>No final de agosto, completa um ano da realiza&ccedil;&atilde;o do #ComunicaDF &#8211; 1&deg; Semin&aacute;rio de Comunica&ccedil;&atilde;o P&uacute;blica do Distrito Federal. Idealizado em 2011 por entidades da sociedade civil de Bras&iacute;lia, em di&aacute;logo com o governo do Distrito Federal, o semin&aacute;rio teve como objetivo construir conjuntamente uma pauta de pol&iacute;ticas p&uacute;blicas de comunica&ccedil;&atilde;o a serem adotadas pelo Governo do DF (GDF).<\/p>\n<p>Mesmo com dificuldades de di&aacute;logo entre as partes e adiamentos consecutivos para a realiza&ccedil;&atilde;o do evento, o #ComunicaDF foi um marco na luta por pol&iacute;ticas p&uacute;blicas locais de comunica&ccedil;&atilde;o. Mais do que um simples semin&aacute;rio, ele foi um espa&ccedil;o de pactua&ccedil;&atilde;o entre o governo e a sociedade, incluindo empres&aacute;rios do setor, que juntos definiram doze pol&iacute;ticas priorit&aacute;rias a serem adotadas pela administra&ccedil;&atilde;o p&uacute;blica.<\/p>\n<p>Entre elas, a cria&ccedil;&atilde;o do Conselho Distrital de Comunica&ccedil;&atilde;o e espa&ccedil;os participativos de discuss&atilde;o; o fortalecimento da Secretaria de Comunica&ccedil;&atilde;o do DF; a cria&ccedil;&atilde;o de um sistema p&uacute;blico de comunica&ccedil;&atilde;o; o investimento em centros comunit&aacute;rios de produ&ccedil;&atilde;o de m&iacute;dia; a universaliza&ccedil;&atilde;o do acesso &agrave; internet no Distrito Federal; a revitaliza&ccedil;&atilde;o do polo de cinema; a cria&ccedil;&atilde;o de um fundo p&uacute;blico para a comunica&ccedil;&atilde;o; a valoriza&ccedil;&atilde;o da educomunica&ccedil;&atilde;o; e a promo&ccedil;&atilde;o da diversidade e pluralidade da m&iacute;dia local.<\/p>\n<p>A sociedade civil acreditava que, ao menos, a promessa feita pelo governador Agnelo Queiroz (PT) na abertura do #ComunicaDF se efetivaria: a instala&ccedil;&atilde;o do Conselho Distrital de Comunica&ccedil;&atilde;o, &oacute;rg&atilde;o j&aacute; previsto na Lei Org&acirc;nica do Distrito Federal. Com a press&atilde;o das entidades, o projeto de cria&ccedil;&atilde;o do Conselho foi colocado em consulta p&uacute;blica entre dezembro de 2012 e janeiro deste ano. A consulta recebeu mais de 200 contribui&ccedil;&otilde;es. O governo Agnelo, no entanto, colocou o projeto na gaveta, fechou-se ao debate p&uacute;blico e ignorou todo o esfor&ccedil;o feito na constru&ccedil;&atilde;o das pol&iacute;ticas locais de comunica&ccedil;&atilde;o.<\/p>\n<p>Em mar&ccedil;o, o comando da Secretaria de Comunica&ccedil;&atilde;o do DF foi trocado e a miss&atilde;o colocada em pr&aacute;tica foi voltar a estrutura do &oacute;rg&atilde;o para a reelei&ccedil;&atilde;o do governador. A equipe respons&aacute;vel pelas pol&iacute;ticas de comunica&ccedil;&atilde;o foi desmantelada, pondo fim ao di&aacute;logo com a sociedade civil. E o atual secret&aacute;rio, Ugo Braga, afirmou, sem nenhum pudor, que n&atilde;o &eacute; mais responsabilidade de sua pasta cuidar de pol&iacute;ticas p&uacute;blicas de comunica&ccedil;&atilde;o. A frase &eacute; t&atilde;o absurda quanto ouvir de um secret&aacute;rio de Cultura que ele n&atilde;o &eacute; respons&aacute;vel pelas pol&iacute;ticas p&uacute;blicas para a cultura.<\/p>\n<p>Infelizmente, o Governo do Distrito Federal n&atilde;o &eacute; exce&ccedil;&atilde;o. Em todo o Brasil, s&atilde;o pouqu&iacute;ssimos os exemplos de governos locais que entendem que a comunica&ccedil;&atilde;o n&atilde;o &eacute; uma m&aacute;quina de propaganda. A descontinuidade e falta de compromisso de gestores p&uacute;blicos com as demandas populares, aliadas &agrave; falta de estrutura institucional s&oacute;lida para o desenvolvimento de pol&iacute;ticas no setor, impedem que a comunica&ccedil;&atilde;o seja tratada como um direito do cidad&atilde;o e se transforme em um fator de mudan&ccedil;a social e fortalecimento da democracia.<\/p>\n<p>No restante de seu mandato, Agnelo Queiroz tem duas op&ccedil;&otilde;es: continuar com a vis&atilde;o de que a comunica&ccedil;&atilde;o &eacute; somente uma pol&iacute;tica de propaganda voltada aos grandes ve&iacute;culos ou entender que o poder p&uacute;blico tamb&eacute;m &eacute; respons&aacute;vel por garantir o direito &agrave; comunica&ccedil;&atilde;o da popula&ccedil;&atilde;o. Enquanto o governo n&atilde;o se decide, ap&oacute;s um ano da realiza&ccedil;&atilde;o do #ComunicaDF, a popula&ccedil;&atilde;o do Distrito Federal continua sem nada a comemorar.<\/p>\n<p><em>* G&eacute;sio Passos &eacute; jornalista, membro da Coordena&ccedil;&atilde;o Executiva do Intervozes e editor do Observat&oacute;rio do Direito &agrave; Comunica&ccedil;&atilde;o.<\/em><\/p>\n","protected":false},"excerpt":{"rendered":"<p>Em todo o Brasil, s&atilde;o pouqu&iacute;ssimos os governos locais que entendem a comunica&ccedil;&atilde;o n&atilde;o como m&aacute;quina de propaganda, mas direito do cidad&atilde;o, fator de transforma&ccedil;&atilde;o e fortalecimento da democracia<\/p>\n","protected":false},"author":1,"featured_media":0,"comment_status":"open","ping_status":"open","sticky":false,"template":"","format":"standard","meta":{"footnotes":""},"categories":[42],"tags":[1772],"_links":{"self":[{"href":"https:\/\/obscom.intervozes.org.br\/index.php?rest_route=\/wp\/v2\/posts\/27524"}],"collection":[{"href":"https:\/\/obscom.intervozes.org.br\/index.php?rest_route=\/wp\/v2\/posts"}],"about":[{"href":"https:\/\/obscom.intervozes.org.br\/index.php?rest_route=\/wp\/v2\/types\/post"}],"author":[{"embeddable":true,"href":"https:\/\/obscom.intervozes.org.br\/index.php?rest_route=\/wp\/v2\/users\/1"}],"replies":[{"embeddable":true,"href":"https:\/\/obscom.intervozes.org.br\/index.php?rest_route=%2Fwp%2Fv2%2Fcomments&post=27524"}],"version-history":[{"count":0,"href":"https:\/\/obscom.intervozes.org.br\/index.php?rest_route=\/wp\/v2\/posts\/27524\/revisions"}],"wp:attachment":[{"href":"https:\/\/obscom.intervozes.org.br\/index.php?rest_route=%2Fwp%2Fv2%2Fmedia&parent=27524"}],"wp:term":[{"taxonomy":"category","embeddable":true,"href":"https:\/\/obscom.intervozes.org.br\/index.php?rest_route=%2Fwp%2Fv2%2Fcategories&post=27524"},{"taxonomy":"post_tag","embeddable":true,"href":"https:\/\/obscom.intervozes.org.br\/index.php?rest_route=%2Fwp%2Fv2%2Ftags&post=27524"}],"curies":[{"name":"wp","href":"https:\/\/api.w.org\/{rel}","templated":true}]}}