{"id":27523,"date":"2013-08-14T17:21:16","date_gmt":"2013-08-14T17:21:16","guid":{"rendered":"https:\/\/obscom.intervozes.org.br\/wordpress\/?p=27523"},"modified":"2013-08-14T17:21:16","modified_gmt":"2013-08-14T17:21:16","slug":"a-inercia-de-paulo-bernardo-lei-nao-impede-concessoes-de-tv-para-politicos","status":"publish","type":"post","link":"https:\/\/obscom.intervozes.org.br\/?p=27523","title":{"rendered":"A in\u00e9rcia de Paulo Bernardo: &#8220;lei n\u00e3o impede concess\u00f5es de TV para pol\u00edticos&#8221;"},"content":{"rendered":"<p>Nesta ter&ccedil;a-feira, o Congresso da Associa&ccedil;&atilde;o Brasileira de TV por Assinatura (ABTA), que teve o ministro das Comunica&ccedil;&otilde;es Paulo Bernardo como convidado, foi palco de mais um protesto por uma m&iacute;dia democr&aacute;tica. Ativistas do Intervozes e de outros coletivos abriram uma faixa, durante o discurso do ministro, questionando a concess&atilde;o de r&aacute;dios e TV para pol&iacute;ticos e exigindo sua revoga&ccedil;&atilde;o. O fato provocou um di&aacute;logo p&uacute;blico sobre o tema e, questionado pela imprensa, Paulo Bernardo precisou se pronunciar sobre a necessidade de um novo marco regulat&oacute;rio para as comunica&ccedil;&otilde;es no pa&iacute;s.<\/p>\n<p>A cobertura da grande m&iacute;dia, mais uma vez, n&atilde;o aprofundou a quest&atilde;o. Houve, inclusive, casos de veto expl&iacute;citos &agrave; repercuss&atilde;o do ato. O G1, o portal da Globo, por exemplo, apesar de ter um rep&oacute;rter cobrindo o evento, optou por n&atilde;o dar nem uma linha sobre o ocorrido. A justificativa do editor: &ldquo;o ministro foi provocado, n&atilde;o falou sobre a regula&ccedil;&atilde;o dos meios por livre vontade&rdquo;.<\/p>\n<p>Postura jornal&iacute;sticas conden&aacute;veis &agrave; parte, se depender de uma parte da milit&acirc;ncia, Paulo Bernardo ter&aacute; que dar mais declara&ccedil;&otilde;es p&uacute;blicas sobre a &quot;pauta proibida&quot;, visto que as vit&oacute;rias dos que disputam uma pol&iacute;tica coerente com o Estado Democr&aacute;tico de Direitos t&ecirc;m se mostrado poss&iacute;veis, vide as mobiliza&ccedil;&otilde;es de junho.<\/p>\n<p>Referindo-se &agrave; proibi&ccedil;&atilde;o de concess&otilde;es de r&aacute;dio e TV para pol&iacute;ticos, o ministro chegou a declarar &agrave; imprensa que este tipo de a&ccedil;&atilde;o &eacute; &ldquo;justa&rdquo; e necess&aacute;ria para que &ldquo;um dia este tema possa ser enfrentado&rdquo;.<\/p>\n<p>Mas s&atilde;o justamente as declara&ccedil;&otilde;es de &ldquo;um dia&rdquo; e &ldquo;em algum momento&rdquo; que preocupam. Fica expl&iacute;cita a in&eacute;rcia do governo diante de uma flagrante viola&ccedil;&atilde;o da Constitui&ccedil;&atilde;o Federal. Segundo Paulo Bernado, n&atilde;o existe base legal que impe&ccedil;a um pol&iacute;tico de ser dono de empresas concession&aacute;rias de r&aacute;dio e TV. O artigo 54 da Constitui&ccedil;&atilde;o estabelece, no entanto, que deputados e senadores &ldquo;n&atilde;o poder&atilde;o firmar ou manter contrato com pessoa jur&iacute;dica de direito p&uacute;blico, autarquia, empresa p&uacute;blica, sociedade de economia mista ou empresa concession&aacute;ria de servi&ccedil;o p&uacute;blico&rdquo;. O objetivo do legislador parece claro: impedir que concession&aacute;rias, permission&aacute;rias e autorizat&aacute;rias de radiodifus&atilde;o controladas por pol&iacute;ticos limitem, na medida do interesse de seus s&oacute;cios e associados, a divulga&ccedil;&atilde;o de determinadas opini&otilde;es e informa&ccedil;&otilde;es.<\/p>\n<p>O ministro tamb&eacute;m ignora que, desde dezembro de 2011, tramita no Supremo Tribunal Federal uma a&ccedil;&atilde;o elaborada pelo Intervozes e pelo PSOL, baseada justamente no artigo 54, pedindo o cancelamento das outorgas dadas a pol&iacute;ticos. Para Paulo Bernardo, &eacute; preciso colocar uma proibi&ccedil;&atilde;o expl&iacute;cia na regulamenta&ccedil;&atilde;o dos meios de comunica&ccedil;&atilde;o. Mas quando? E como, ministro?<\/p>\n<p>T&atilde;o grave quanto sua (n&atilde;o) resposta sobre este ponto foi a posi&ccedil;&atilde;o expressa pelo ministro, em coletiva no mesmo Congresso da ABTA, sobre a concentra&ccedil;&atilde;o da propriedade dos meios de radiodifus&atilde;o. Em um pa&iacute;s onde a Constitui&ccedil;&atilde;o pro&iacute;be o monop&oacute;lio, mas onde impera o coronelismo midi&aacute;tico, Bernardo admitiu que o sistema de emissoras afiliadas burla o C&oacute;digo Brasileiro de Telecomunica&ccedil;&otilde;es (CBT), de 1963, que pro&iacute;be que um mesmo grupo tenha mais de cinco emissoras de TV no territ&oacute;rio nacional. No entanto, argumentou que &#8211; diferentemente da Argentina, onde o fato do Clar&iacute;n ter quase uma centena de outorgas foi considerado oligop&oacute;lio &#8211; aqui no Brasil isso &eacute; &quot;mais dif&iacute;cil de caracterizar&quot;. &quot;Obviamente h&aacute; concentra&ccedil;&atilde;o, mas acho mais dif&iacute;cil caracterizar isso aqui. &Eacute; um assunto que precisa ser discutido&quot;, alegou.<\/p>\n<p>N&atilde;o se sabe, no entanto, para que lado a discuss&atilde;o caminhar&aacute;. Quando se trata de atender &agrave;s reivindica&ccedil;&otilde;es dos empres&aacute;rios do setor, o que &eacute; ruim pode ficar pior. Diante da possibilidade de migrar todas as emissoras de r&aacute;dio AM para a frequ&ecirc;ncia FM, visando resolver problemas de recep&ccedil;&atilde;o pelos ouvintes, o ministro das Comunica&ccedil;&otilde;es considera a possibilidade de alterar o CBT para permitir uma amplia&ccedil;&atilde;o do n&uacute;mero de licen&ccedil;as de r&aacute;dio por grupo econ&ocirc;mico na mesma localidade. &quot;Em alguns casos, isso vai esbarrar na lei. Vamos precisar mudar isso&quot;, disse Paulo Bernardo, mostrando disposi&ccedil;&atilde;o n&atilde;o para enfrentar os oligop&oacute;lios do setor, mas para mudar a lei para permitir a concentra&ccedil;&atilde;o em um espectro ainda mais restrito.<\/p>\n","protected":false},"excerpt":{"rendered":"<p>Ap&oacute;s protesto em SP, ministro das Comunica&ccedil;&otilde;es diz que &quot;um dia&quot; ser&aacute; preciso regular essa quest&atilde;o. Ao mesmo tempo, sinaliza para mudan&ccedil;as na lei que permitem aumentar a concentra&ccedil;&atilde;o no setor<\/p>\n","protected":false},"author":1,"featured_media":0,"comment_status":"open","ping_status":"open","sticky":false,"template":"","format":"standard","meta":{"footnotes":""},"categories":[42],"tags":[1772],"_links":{"self":[{"href":"https:\/\/obscom.intervozes.org.br\/index.php?rest_route=\/wp\/v2\/posts\/27523"}],"collection":[{"href":"https:\/\/obscom.intervozes.org.br\/index.php?rest_route=\/wp\/v2\/posts"}],"about":[{"href":"https:\/\/obscom.intervozes.org.br\/index.php?rest_route=\/wp\/v2\/types\/post"}],"author":[{"embeddable":true,"href":"https:\/\/obscom.intervozes.org.br\/index.php?rest_route=\/wp\/v2\/users\/1"}],"replies":[{"embeddable":true,"href":"https:\/\/obscom.intervozes.org.br\/index.php?rest_route=%2Fwp%2Fv2%2Fcomments&post=27523"}],"version-history":[{"count":0,"href":"https:\/\/obscom.intervozes.org.br\/index.php?rest_route=\/wp\/v2\/posts\/27523\/revisions"}],"wp:attachment":[{"href":"https:\/\/obscom.intervozes.org.br\/index.php?rest_route=%2Fwp%2Fv2%2Fmedia&parent=27523"}],"wp:term":[{"taxonomy":"category","embeddable":true,"href":"https:\/\/obscom.intervozes.org.br\/index.php?rest_route=%2Fwp%2Fv2%2Fcategories&post=27523"},{"taxonomy":"post_tag","embeddable":true,"href":"https:\/\/obscom.intervozes.org.br\/index.php?rest_route=%2Fwp%2Fv2%2Ftags&post=27523"}],"curies":[{"name":"wp","href":"https:\/\/api.w.org\/{rel}","templated":true}]}}