{"id":27522,"date":"2013-08-14T17:12:42","date_gmt":"2013-08-14T17:12:42","guid":{"rendered":"https:\/\/obscom.intervozes.org.br\/wordpress\/?p=27522"},"modified":"2013-08-14T17:12:42","modified_gmt":"2013-08-14T17:12:42","slug":"seminario-debate-democratizacao-da-comunicacao-no-rj","status":"publish","type":"post","link":"https:\/\/obscom.intervozes.org.br\/?p=27522","title":{"rendered":"Semin\u00e1rio debate democratiza\u00e7\u00e3o da comunica\u00e7\u00e3o no RJ"},"content":{"rendered":"<p>&ldquo;Para democratizar a sociedade a gente tem que democratizar a m&iacute;dia&rdquo;, afirmou Gizele Martins, jornalista integrante dos Comunicadores Populares, na mesa de abertura do semin&aacute;rio &ldquo;Democratiza&ccedil;&atilde;o a m&iacute;dia&rdquo;. O evento, promovido pela Associa&ccedil;&atilde;o Brasileira de Imprensa (ABI) na sede da entidade, no Rio de Janeiro, no dia 13 de agosto, reuniu ativistas, jornalistas, associa&ccedil;&otilde;es, sindicatos e estudantes para debater os limites &agrave; liberdade de express&atilde;o e ao direito &agrave; comunica&ccedil;&atilde;o impostos pela concentra&ccedil;&atilde;o da propriedade privada dos meios de comunica&ccedil;&atilde;o.<\/p>\n<p>Em tr&ecirc;s mesas de debate, o semin&aacute;rio conseguiu sintetizar as discuss&otilde;es sobre &ldquo;o discurso &uacute;nico da m&iacute;dia&rdquo;, &ldquo;comunica&ccedil;&atilde;o poular, livre e independente&rdquo; e &ldquo;o <a href=\"http:\/\/www.paraexpressaraliberdade.org.br\/\">Projeto de Lei por uma M&iacute;dia Democr&aacute;tica<\/a> &rdquo;. As experi&ecirc;ncias de jornalismo em ve&iacute;culos como Brasil de Fato, Fazendo Media, Comunicadores Populares, jornal Bafaf&aacute; e Ag&ecirc;ncia Petroleira, assim como o empenho de entidades como o Intervozes, Sindicato dos Jornalistas do Rio de Janeiro, ABI, a Fale-Rio, o FNDC e o Bar&atilde;o de Itarar&eacute; na luta pela democratiza&ccedil;&atilde;o da comunica&ccedil;&atilde;o prepararam o terreno para a conclus&atilde;o do evento com a aprecia&ccedil;&atilde;o da proposta de um projeto de lei de iniciativa popular que defina uma nova legisla&ccedil;&atilde;o regulat&oacute;ria para as comunica&ccedil;&otilde;es.<\/p>\n<p>As falas trataram da hist&oacute;rica concentra&ccedil;&atilde;o dos meios de comunica&ccedil;&atilde;o no Brasil e da atual conjuntura. Para Cl&aacute;udia Santiago, do N&uacute;cleo Piratininga de Comunica&ccedil;&atilde;o (NPC), &ldquo;os meios de comunica&ccedil;&atilde;o legitimam junto &agrave; sociedade as ideias de uma classe&rdquo;, reproduzindo um &ldquo;discurso &uacute;nico&rdquo;. Segundo Theo Machado, do Bar&atilde;o de Itarar&eacute;, as manifesta&ccedil;&otilde;es de junho no Rio de Janeiro mostraram que h&aacute; &ldquo;dois consensos&rdquo;: o &ldquo;Fora Cabral&rdquo; e o &ldquo;Fora Globo&rdquo;, sendo que este &uacute;ltimo representaria o sentimento da necessidade de superar um velho modelo concentrador e conservador de m&iacute;dia. <\/p>\n<p>A presidenta eleita do Sinjor-RJ, Paula M&aacute;iran, v&ecirc; positivamente o crescimento das lutas pela democratiza&ccedil;&atilde;o da comunica&ccedil;&atilde;o no pa&iacute;s. Segundo ela, embora &ldquo;os profissionais sejam ensinados a n&atilde;o poder ser militantes nem participantes de movimentos sociais, h&aacute;, por outro lado, o crescimento das conex&otilde;es entre v&aacute;rios movimentos de comunica&ccedil;&otilde;es, na luta pela democratiza&ccedil;&atilde;o&rdquo;.<\/p>\n<p>A discuss&otilde;es tocaram tamb&eacute;m na quest&atilde;o do financiamento dos ve&iacute;culos, visto como ponto relevante para alguns debatedores. Para Machado, &ldquo;&eacute; preciso privatizar empresas como a Globo e Veja e parar de oferecer a elas dinheiro p&uacute;blico&rdquo;.<\/p>\n","protected":false},"excerpt":{"rendered":"<p>Reunidos na ABI, diversos grupos compartilharam experi&ecirc;ncias e debateram os desafios para se democratizar a comunica&ccedil;&atilde;o hoje<\/p>\n","protected":false},"author":1,"featured_media":0,"comment_status":"open","ping_status":"open","sticky":false,"template":"","format":"standard","meta":{"footnotes":""},"categories":[40],"tags":[90],"_links":{"self":[{"href":"https:\/\/obscom.intervozes.org.br\/index.php?rest_route=\/wp\/v2\/posts\/27522"}],"collection":[{"href":"https:\/\/obscom.intervozes.org.br\/index.php?rest_route=\/wp\/v2\/posts"}],"about":[{"href":"https:\/\/obscom.intervozes.org.br\/index.php?rest_route=\/wp\/v2\/types\/post"}],"author":[{"embeddable":true,"href":"https:\/\/obscom.intervozes.org.br\/index.php?rest_route=\/wp\/v2\/users\/1"}],"replies":[{"embeddable":true,"href":"https:\/\/obscom.intervozes.org.br\/index.php?rest_route=%2Fwp%2Fv2%2Fcomments&post=27522"}],"version-history":[{"count":0,"href":"https:\/\/obscom.intervozes.org.br\/index.php?rest_route=\/wp\/v2\/posts\/27522\/revisions"}],"wp:attachment":[{"href":"https:\/\/obscom.intervozes.org.br\/index.php?rest_route=%2Fwp%2Fv2%2Fmedia&parent=27522"}],"wp:term":[{"taxonomy":"category","embeddable":true,"href":"https:\/\/obscom.intervozes.org.br\/index.php?rest_route=%2Fwp%2Fv2%2Fcategories&post=27522"},{"taxonomy":"post_tag","embeddable":true,"href":"https:\/\/obscom.intervozes.org.br\/index.php?rest_route=%2Fwp%2Fv2%2Ftags&post=27522"}],"curies":[{"name":"wp","href":"https:\/\/api.w.org\/{rel}","templated":true}]}}