{"id":27521,"date":"2013-08-13T12:08:57","date_gmt":"2013-08-13T12:08:57","guid":{"rendered":"https:\/\/obscom.intervozes.org.br\/wordpress\/?p=27521"},"modified":"2013-08-13T12:08:57","modified_gmt":"2013-08-13T12:08:57","slug":"fundacao-perseu-abramo-lanca-pesquisa-sobre-democratizacao-da-midia","status":"publish","type":"post","link":"https:\/\/obscom.intervozes.org.br\/?p=27521","title":{"rendered":"Funda\u00e7\u00e3o Perseu Abramo lan\u00e7a pesquisa sobre democratiza\u00e7\u00e3o da m\u00eddia"},"content":{"rendered":"<p><strong>Reda&ccedil;&atilde;o &#8211; Assessoria FPA<\/strong><\/p>\n<p>A Funda&ccedil;&atilde;o Perseu Abramo (FPA) lan&ccedil;a na pr&oacute;xima sexta-feira, 16, a partir das 17h30, a pesquisa &ldquo;Democratiza&ccedil;&atilde;o da m&iacute;dia&rdquo;, com transmiss&atilde;o online pela tev&ecirc;FPA. Realizada pelo N&uacute;cleo de Estudos e Opini&atilde;o P&uacute;blica (Neop) da FPA, o levantamento se baseou em 2.400 entrevistas com pessoas na faixa et&aacute;ria de 16 anos e mais, que vivem em &aacute;reas urbana e rural de 120 munic&iacute;pios das cinco macrorregi&otilde;es do pa&iacute;s.<\/p>\n<p>Sob a orienta&ccedil;&atilde;o de Gustavo Venturi, do departamento de Sociologia da Universidade de S&atilde;o Paulo (USP) e Vilma Bokany (Neop), o estudo tem por objetivo principal investigar as percep&ccedil;&otilde;es da popula&ccedil;&atilde;o brasileira sobre os meios de comunica&ccedil;&atilde;o.<\/p>\n<p>O evento, aberto a jornalistas de m&iacute;dias empresariais, alternativas e de movimentos sociais, j&aacute; tem confirmadas as presen&ccedil;as de Be&aacute; Tibiri&ccedil;&aacute;, diretora do Coletivo Digital; Pedro Ekman, radialista e membro da Coordena&ccedil;&atilde;o Executiva do Intervozes (Coletivo Brasil de Comunica&ccedil;&atilde;o Social); Joaquim Palhares, advogado e fundador da Ag&ecirc;ncia Carta Maior; Laurindo Lalo Leal Filho, soci&oacute;logo, jornalista e professor de Jornalismo da ECA-USP;&nbsp; Miro Borges, jornalista e fundador do Centro de Estudos da M&iacute;dia Alternativa Bar&atilde;o de Itarar&eacute; e Rachel Moreno, do Observat&oacute;rio da Mulher.<\/p>\n","protected":false},"excerpt":{"rendered":"<p>Reda&ccedil;&atilde;o &#8211; Assessoria FPA A Funda&ccedil;&atilde;o Perseu Abramo (FPA) lan&ccedil;a na pr&oacute;xima sexta-feira, 16, a partir das 17h30, a pesquisa &ldquo;Democratiza&ccedil;&atilde;o da m&iacute;dia&rdquo;, com transmiss&atilde;o online pela tev&ecirc;FPA. Realizada pelo N&uacute;cleo de Estudos e Opini&atilde;o P&uacute;blica (Neop) da FPA, o levantamento se baseou em 2.400 entrevistas com pessoas na faixa et&aacute;ria de 16 anos e &hellip; <a href=\"https:\/\/obscom.intervozes.org.br\/?p=27521\" class=\"more-link\">Continue lendo <span class=\"screen-reader-text\">Funda\u00e7\u00e3o Perseu Abramo lan\u00e7a pesquisa sobre democratiza\u00e7\u00e3o da m\u00eddia<\/span> <span class=\"meta-nav\">&rarr;<\/span><\/a><\/p>\n","protected":false},"author":1,"featured_media":0,"comment_status":"open","ping_status":"open","sticky":false,"template":"","format":"standard","meta":{"footnotes":""},"categories":[39],"tags":[],"_links":{"self":[{"href":"https:\/\/obscom.intervozes.org.br\/index.php?rest_route=\/wp\/v2\/posts\/27521"}],"collection":[{"href":"https:\/\/obscom.intervozes.org.br\/index.php?rest_route=\/wp\/v2\/posts"}],"about":[{"href":"https:\/\/obscom.intervozes.org.br\/index.php?rest_route=\/wp\/v2\/types\/post"}],"author":[{"embeddable":true,"href":"https:\/\/obscom.intervozes.org.br\/index.php?rest_route=\/wp\/v2\/users\/1"}],"replies":[{"embeddable":true,"href":"https:\/\/obscom.intervozes.org.br\/index.php?rest_route=%2Fwp%2Fv2%2Fcomments&post=27521"}],"version-history":[{"count":0,"href":"https:\/\/obscom.intervozes.org.br\/index.php?rest_route=\/wp\/v2\/posts\/27521\/revisions"}],"wp:attachment":[{"href":"https:\/\/obscom.intervozes.org.br\/index.php?rest_route=%2Fwp%2Fv2%2Fmedia&parent=27521"}],"wp:term":[{"taxonomy":"category","embeddable":true,"href":"https:\/\/obscom.intervozes.org.br\/index.php?rest_route=%2Fwp%2Fv2%2Fcategories&post=27521"},{"taxonomy":"post_tag","embeddable":true,"href":"https:\/\/obscom.intervozes.org.br\/index.php?rest_route=%2Fwp%2Fv2%2Ftags&post=27521"}],"curies":[{"name":"wp","href":"https:\/\/api.w.org\/{rel}","templated":true}]}}