{"id":27517,"date":"2013-08-07T18:44:34","date_gmt":"2013-08-07T18:44:34","guid":{"rendered":"https:\/\/obscom.intervozes.org.br\/wordpress\/?p=27517"},"modified":"2013-08-07T18:44:34","modified_gmt":"2013-08-07T18:44:34","slug":"canal-da-cidadania-democratizacao-da-televisao-ou-mais-uma-miragem-da-tv-digital","status":"publish","type":"post","link":"https:\/\/obscom.intervozes.org.br\/?p=27517","title":{"rendered":"Canal da Cidadania: democratiza\u00e7\u00e3o da televis\u00e3o ou mais uma miragem da TV digital?"},"content":{"rendered":"<p>No dia 24 de mar&ccedil;o de 2010, com a publica&ccedil;&atilde;o da Portaria n&ordm; 189\/10, o Minist&eacute;rio das Comunica&ccedil;&otilde;es (Minicom) finalmente estabeleceu as diretrizes do Canal da Cidadania, previsto no Decreto n&ordm; 5.820\/06 e, talvez, a maior promessa que restou de todo o processo de discuss&atilde;o sobre a digitaliza&ccedil;&atilde;o da TV, no Brasil, at&eacute; a decis&atilde;o, em 2006, da ado&ccedil;&atilde;o do padr&atilde;o japon&ecirc;s ISDB-T. Este sistema seria &quot;hibridizado&quot; com componentes brasileiros, como o middleware Ginga, que, no entanto, n&atilde;o vingou. J&aacute; a regulamenta&ccedil;&atilde;o do Canal da Cidadania, por parte do Minicom, s&oacute; foi feita em 19 de dezembro de 2012, na Portaria n&ordm; 489\/12. O Canal, que consiste na explora&ccedil;&atilde;o de um canal &quot;multiplexado&quot;, com quatro faixas de programa&ccedil;&atilde;o (Governo do Estado, Prefeitura Municipal e duas faixas para a sociedade civil), seria a compensa&ccedil;&atilde;o, ao menos no plano do discurso, que o Governo Federal daria para tornar a propriedade da radiodifus&atilde;o brasileira mais plural e diversa,&nbsp; partir da implanta&ccedil;&atilde;o atual do Sistema Brasileiro de TV Digital Terrestre (SBTVD-T).<\/p>\n<p>Acontece que, j&aacute; em mar&ccedil;o de 2013, o ministro Paulo Bernardo (PT) alterou a norma que sequer completara tr&ecirc;s meses. A retifica&ccedil;&atilde;o tinha como um dos motivos os encaminhamentos dados pelo governo para a faixa de 700 MHz, o chamado &ldquo;dividendo digital&rdquo;. A principal mudan&ccedil;a na portaria do regulamento do Canal da Cidadania &eacute; a concess&atilde;o n&atilde;o s&oacute; aos governos estaduais, mas tamb&eacute;m &agrave;s prefeituras &#8211; com prioridade a estas &#8211; do direito de fazer a multiprograma&ccedil;&atilde;o nas emissoras educativas j&aacute; existentes. Neste caso, o &quot;novo&quot; Canal da Cidadania acaba ficando limitado, na pr&aacute;tica, a um ap&ecirc;ndice de televis&otilde;es estatais, que seguem longe de ser um modelo de televis&atilde;o p&uacute;blica, estando mais pr&oacute;ximas do car&aacute;ter &ldquo;governamental&rdquo;.<\/p>\n<p>A ideia, com a mudan&ccedil;a, &eacute; fazer com que as esta&ccedil;&otilde;es do campo p&uacute;blico (estaduais, educativas, comunit&aacute;rias) possam promover a transi&ccedil;&atilde;o tecnol&oacute;gica para o digital sem ocupar os canais de UHF que antes estavam destinados a elas, liberando-os para a explora&ccedil;&atilde;o pelas operadoras de telecomunica&ccedil;&otilde;es. A hist&oacute;ria ganha tonalidades mais nebulosas porque a nova portaria determina que &ldquo;n&atilde;o ser&aacute; outorgada, no &acirc;mbito do respectivo munic&iacute;pio, a autoriza&ccedil;&atilde;o referida no item 4.1&rdquo;. Este, por sua vez, diz que o Minist&eacute;rio das Comunica&ccedil;&otilde;es &ldquo;outorgar&aacute; autoriza&ccedil;&atilde;o em cada Munic&iacute;pio contemplado no Plano B&aacute;sico de TV Digital, ressalvadas as situa&ccedil;&otilde;es de impossibilidade t&eacute;cnica, um canal digital com largura de banda de seis megahertz, para a explora&ccedil;&atilde;o do Canal da Cidadania pelos Estados, Distrito Federal, Munic&iacute;pios e funda&ccedil;&otilde;es e autarquias a eles vinculadas&rdquo;.<\/p>\n<p>Interessante, ainda, lembrar que, desde a Portaria de mar&ccedil;o de 2010, que j&aacute; previa um &ldquo;Conselho de Comunica&ccedil;&atilde;o Social&rdquo;, os dispositivos de participa&ccedil;&atilde;o foram ficando cada vez menos claros. A Portaria do regulamento, de dezembro de 2012, diz somente que:<\/p>\n<p>1) o ente ou a entidade autorizada a explorar o Canal da Cidadania dever&aacute; instituir um Conselho Local para zelar pelo cumprimento das finalidades da programa&ccedil;&atilde;o previstas no item 3.1 e manifestar-se sobre os programas veiculados;<\/p>\n<p>2) o Conselho Local deve ter uma composi&ccedil;&atilde;o plural, de modo a contemplar a participa&ccedil;&atilde;o dos diversos segmentos do Poder P&uacute;blico e da comunidade local;<\/p>\n<p>3) cada Conselho Local estabelecer&aacute; seus mecanismos de di&aacute;logo com a sociedade e ter&aacute; acesso ao relat&oacute;rio do Ouvidor para a elabora&ccedil;&atilde;o de suas an&aacute;lises, podendo encaminhar requerimentos e den&uacute;ncias ao Minist&eacute;rio das Comunica&ccedil;&otilde;es.<\/p>\n<p>Al&eacute;m disso, n&atilde;o est&aacute; expresso para que faixa de frequ&ecirc;ncia devem migrar os canais da Rede Legislativa de TV Digital, que j&aacute; t&ecirc;m dividido o canal 61, em &ldquo;multiprograma&ccedil;&atilde;o&rdquo;, entre a TV C&acirc;mara, a TV Senado e as emissoras locais da Assembleia Estadual e do Legislativo Municipal, em S&atilde;o Paulo (capital, al&eacute;m de Barretos, Ja&uacute;, Tup&atilde; e Ribeir&atilde;o Preto), Bras&iacute;lia, Belo Horizonte, Fortaleza e em Porto Alegre, com a previs&atilde;o pr&oacute;xima de expans&atilde;o em outras dezenas de cidades. O que v&atilde;o fazer com isso? Se jogarem para o VHF, vai embora a mobilidade dos canais p&uacute;blicos\/estatais. Portanto, al&eacute;m de todo o problema &ldquo;t&eacute;cnico&rdquo; da localiza&ccedil;&atilde;o dos canais na frequ&ecirc;ncia, deve-se avaliar tamb&eacute;m de que forma essas mudan&ccedil;as podem deixar a &#39;Cidadania&#39; &agrave; merc&ecirc; de emissoras estatais, &agrave;s quais a popula&ccedil;&atilde;o mal tem acesso desde a origem.<\/p>\n<p>Recentemente, v&aacute;rias entidades de radiodifus&atilde;o comunit&aacute;ria publicaram artigos, manifestos e notas p&uacute;blicas contr&aacute;rios &agrave; postura do Minicom no caso da faixa dos 700 MHz. Nos textos, os movimentos fazem refer&ecirc;ncia ao &ldquo;compromisso&rdquo; manifestado pelo ent&atilde;o ministro H&eacute;lio Costa, &agrave; &eacute;poca da escolha do sistema da TV digital, de reservar o chamado 163 &ldquo;UHF-alto&rdquo; (canais de 60 a 29) para a digitaliza&ccedil;&atilde;o das emissoras dos sistemas p&uacute;blico e estatal. Mas o que n&atilde;o est&aacute; escrito n&atilde;o vale como norma. Os decretos 4.901\/03 e 5.820\/06 (e as respectivas Exposi&ccedil;&otilde;es de Motivos), por exemplo, tamb&eacute;m prometeram (e ainda prometem) grandes conquistas e s&atilde;o documentos oficiais, mas o Estado brasileiro ainda n&atilde;o garantiu praticamente nada na pr&aacute;tica.<\/p>\n<p>O argumento do ex-ministro possivelmente deve valer como instrumento pol&iacute;tico de mobiliza&ccedil;&atilde;o para a sociedade civil, mas, se n&atilde;o houver nenhuma iniciativa al&eacute;m da reclama&ccedil;&atilde;o, dificilmente a cr&iacute;tica v&aacute; resultar em algo al&eacute;m de novas afirma&ccedil;&otilde;es de que a reserva de espectro n&atilde;o est&aacute; assegurada em lei e, por isso,n&atilde;o representa um direito l&iacute;quido e certo das emissoras p&uacute;blicas. O documento oficial que menciona a reserva dos canais de 60 a 69 &eacute; a Norma Geral para Execu&ccedil;&atilde;o dos Servi&ccedil;os de Televis&atilde;o P&uacute;blica Digital, publicada pela Portaria n&ordm; 24, assinada por Lula em fevereiro de 2009. A fragilidade jur&iacute;dica do instrumento, que pode ser alterado a qualquer momento num ato discricion&aacute;rio da presidenta Dilma Rousseff ou do pr&oacute;prio ministro Paulo Bernardo, debilita a garantia de que o previsto na portaria seja cumprido.<\/p>\n<p>Dessa forma, o redirecionamento da faixa dos 700 MHz para as empresas de telefonia m&oacute;vel, assentado em crit&eacute;rios eminentemente econ&ocirc;micos, pode gerar gastos adicionais ao er&aacute;rio, desperd&iacute;cio de investimentos j&aacute; realizados por emissoras p&uacute;blicas, descontinuidade dos servi&ccedil;os p&uacute;blicos e inseguran&ccedil;a jur&iacute;dica para governos, casas legislativas e para associa&ccedil;&otilde;es que j&aacute; tinham como certo uma banda de frequ&ecirc;ncia para manter as opera&ccedil;&otilde;es de radiodifus&atilde;o das licen&ccedil;as outorgadas pelo pr&oacute;prio minist&eacute;rio.<\/p>\n<p><strong><em>Daniel Fons&ecirc;ca &eacute; jornalista, doutorando em Comunica&ccedil;&atilde;o pela ECO\/UFRJ e integrante do Conselho Diretor do Intervozes<\/em><\/strong><\/p>\n","protected":false},"excerpt":{"rendered":"<p> O Canal seria a compensa&ccedil;&atilde;o que o Governo Federal daria para tornar a propriedade  da radiodifus&atilde;o brasileira mais plural e diversa,&nbsp; partir da  implanta&ccedil;&atilde;o atual do Sistema Brasileiro de TV Digital Terrestre<\/p>\n","protected":false},"author":1,"featured_media":0,"comment_status":"open","ping_status":"open","sticky":false,"template":"","format":"standard","meta":{"footnotes":""},"categories":[42],"tags":[1772],"_links":{"self":[{"href":"https:\/\/obscom.intervozes.org.br\/index.php?rest_route=\/wp\/v2\/posts\/27517"}],"collection":[{"href":"https:\/\/obscom.intervozes.org.br\/index.php?rest_route=\/wp\/v2\/posts"}],"about":[{"href":"https:\/\/obscom.intervozes.org.br\/index.php?rest_route=\/wp\/v2\/types\/post"}],"author":[{"embeddable":true,"href":"https:\/\/obscom.intervozes.org.br\/index.php?rest_route=\/wp\/v2\/users\/1"}],"replies":[{"embeddable":true,"href":"https:\/\/obscom.intervozes.org.br\/index.php?rest_route=%2Fwp%2Fv2%2Fcomments&post=27517"}],"version-history":[{"count":0,"href":"https:\/\/obscom.intervozes.org.br\/index.php?rest_route=\/wp\/v2\/posts\/27517\/revisions"}],"wp:attachment":[{"href":"https:\/\/obscom.intervozes.org.br\/index.php?rest_route=%2Fwp%2Fv2%2Fmedia&parent=27517"}],"wp:term":[{"taxonomy":"category","embeddable":true,"href":"https:\/\/obscom.intervozes.org.br\/index.php?rest_route=%2Fwp%2Fv2%2Fcategories&post=27517"},{"taxonomy":"post_tag","embeddable":true,"href":"https:\/\/obscom.intervozes.org.br\/index.php?rest_route=%2Fwp%2Fv2%2Ftags&post=27517"}],"curies":[{"name":"wp","href":"https:\/\/api.w.org\/{rel}","templated":true}]}}