{"id":27516,"date":"2013-08-07T17:38:22","date_gmt":"2013-08-07T17:38:22","guid":{"rendered":"https:\/\/obscom.intervozes.org.br\/wordpress\/?p=27516"},"modified":"2013-08-07T17:38:22","modified_gmt":"2013-08-07T17:38:22","slug":"governo-aprova-estatuto-da-juventude-com-secao-sobre-direito-a-comunicacao","status":"publish","type":"post","link":"https:\/\/obscom.intervozes.org.br\/?p=27516","title":{"rendered":"Governo aprova Estatuto da Juventude com se\u00e7\u00e3o sobre direito \u00e0 comunica\u00e7\u00e3o"},"content":{"rendered":"<p><strong>Reda&ccedil;&atilde;o &#8211; Observat&oacute;rio do Direito &agrave; Comunica&ccedil;&atilde;o<\/strong><\/p>\n<p>O governo federal publicou no dia 6 (ter&ccedil;a) no Di&aacute;rio Oficial da Uni&atilde;o o Estatuto da Juventude, que estabelece direitos para os jovens entre 14 e 29 anos e define diretrizes para as pol&iacute;ticas p&uacute;blicas espec&iacute;ficas desse setor. No documento, consta uma sess&atilde;o tratando especialmente sobre o direito &agrave; comunica&ccedil;&atilde;o.<\/p>\n<p>A se&ccedil;&atilde;o VII do cap&iacute;tulo que trata do direitos dos jovens, intitulada &ldquo;Do Direito &agrave; Comunica&ccedil;&atilde;o e &agrave; Liberdade de Express&atilde;o&rdquo; traz dois artigos nos quais afirma o &ldquo;direito &agrave; comunica&ccedil;&atilde;o e &agrave; livre express&atilde;o, &agrave; produ&ccedil;&atilde;o de conte&uacute;do, individual e colaborativo, e ao acesso &agrave;s tecnologias de informa&ccedil;&atilde;o e comunica&ccedil;&atilde;o&rdquo; e define medidas a serem tomadas pelo poder p&uacute;blico para a efetiva&ccedil;&atilde;o desse direito.<\/p>\n","protected":false},"excerpt":{"rendered":"<p>Reda&ccedil;&atilde;o &#8211; Observat&oacute;rio do Direito &agrave; Comunica&ccedil;&atilde;o O governo federal publicou no dia 6 (ter&ccedil;a) no Di&aacute;rio Oficial da Uni&atilde;o o Estatuto da Juventude, que estabelece direitos para os jovens entre 14 e 29 anos e define diretrizes para as pol&iacute;ticas p&uacute;blicas espec&iacute;ficas desse setor. No documento, consta uma sess&atilde;o tratando especialmente sobre o direito &hellip; <a href=\"https:\/\/obscom.intervozes.org.br\/?p=27516\" class=\"more-link\">Continue lendo <span class=\"screen-reader-text\">Governo aprova Estatuto da Juventude com se\u00e7\u00e3o sobre direito \u00e0 comunica\u00e7\u00e3o<\/span> <span class=\"meta-nav\">&rarr;<\/span><\/a><\/p>\n","protected":false},"author":1,"featured_media":0,"comment_status":"open","ping_status":"open","sticky":false,"template":"","format":"standard","meta":{"footnotes":""},"categories":[39],"tags":[],"_links":{"self":[{"href":"https:\/\/obscom.intervozes.org.br\/index.php?rest_route=\/wp\/v2\/posts\/27516"}],"collection":[{"href":"https:\/\/obscom.intervozes.org.br\/index.php?rest_route=\/wp\/v2\/posts"}],"about":[{"href":"https:\/\/obscom.intervozes.org.br\/index.php?rest_route=\/wp\/v2\/types\/post"}],"author":[{"embeddable":true,"href":"https:\/\/obscom.intervozes.org.br\/index.php?rest_route=\/wp\/v2\/users\/1"}],"replies":[{"embeddable":true,"href":"https:\/\/obscom.intervozes.org.br\/index.php?rest_route=%2Fwp%2Fv2%2Fcomments&post=27516"}],"version-history":[{"count":0,"href":"https:\/\/obscom.intervozes.org.br\/index.php?rest_route=\/wp\/v2\/posts\/27516\/revisions"}],"wp:attachment":[{"href":"https:\/\/obscom.intervozes.org.br\/index.php?rest_route=%2Fwp%2Fv2%2Fmedia&parent=27516"}],"wp:term":[{"taxonomy":"category","embeddable":true,"href":"https:\/\/obscom.intervozes.org.br\/index.php?rest_route=%2Fwp%2Fv2%2Fcategories&post=27516"},{"taxonomy":"post_tag","embeddable":true,"href":"https:\/\/obscom.intervozes.org.br\/index.php?rest_route=%2Fwp%2Fv2%2Ftags&post=27516"}],"curies":[{"name":"wp","href":"https:\/\/api.w.org\/{rel}","templated":true}]}}