{"id":27515,"date":"2013-08-07T15:36:27","date_gmt":"2013-08-07T15:36:27","guid":{"rendered":"https:\/\/obscom.intervozes.org.br\/wordpress\/?p=27515"},"modified":"2013-08-07T15:36:27","modified_gmt":"2013-08-07T15:36:27","slug":"campanha-pela-regionalizacao-da-tv-e-do-radio-e-lancada-no-congresso","status":"publish","type":"post","link":"https:\/\/obscom.intervozes.org.br\/?p=27515","title":{"rendered":"Campanha pela Regionaliza\u00e7\u00e3o da TV e do R\u00e1dio \u00e9 lan\u00e7ada no Congresso"},"content":{"rendered":"<p>A Comiss&atilde;o de Cultura, gestores p&uacute;blicos e entidades da sociedade civil promoveram uma coletiva p&uacute;blica, no dia 6 de agosto (ter&ccedil;a), no Caf&eacute; do Sal&atilde;o Verde da C&acirc;mara dos Deputados, para o lan&ccedil;amento da Campanha #QueroMeVernaTV &#8211; pela Regionaliza&ccedil;&atilde;o da TV e R&aacute;dio. O evento discutiu a regulamenta&ccedil;&atilde;o do artigo 221 da Constitui&ccedil;&atilde;o Federal, que trata do tema, e o hist&oacute;rico de lutas contra a centraliza&ccedil;&atilde;o da produ&ccedil;&atilde;o e distribui&ccedil;&atilde;o de comunica&ccedil;&atilde;o e cultura no Brasil.<\/p>\n<p>O grupo mobilizado em torno da campanha se preocupa com o que chama de &ldquo;impactos negativos do PL 5992\/2013&rdquo;, aprovado no Senado, no dia 11 de julho, e define como objetivo imediato &ldquo;incentivar uma ampla mobiliza&ccedil;&atilde;o em torno da mat&eacute;ria &ndash; que agora segue para vota&ccedil;&atilde;o no Plen&aacute;rio da C&acirc;mara &ndash; para a constru&ccedil;&atilde;o de um texto plural, que dialogue com os anseios do setor e que caminhe em dire&ccedil;&atilde;o &agrave; verdadeira democratiza&ccedil;&atilde;o dos meios de comunica&ccedil;&atilde;o&rdquo;.<\/p>\n<p>No manifesto lan&ccedil;ado ontem pela<u> <\/u><a href=\"http:\/\/queromevernatv.com.br\/blog\/manifesto-em-defesa-da-regionalizacao-da-programacao-na-radiodifusao\" target=\"_blank\"><strong>campanha #QueroMeVernaTV<\/strong>,<\/a>  com apoio de mais de 40 entidades e personalidades, aponta que &ldquo;sem qualquer debate mais amplo com a sociedade, uma comiss&atilde;o mista do Congresso Nacional criada h&aacute; pouco mais de dois meses &ndash; composta por seis deputados e seis senadores &ndash; aprovou um relat&oacute;rio sobre o tema em menos de cinco minutos, alterando a reda&ccedil;&atilde;o do projeto de lei da deputada Jandira Feghali e desvirtuando os objetivos que devem ser alcan&ccedil;ados com a regionaliza&ccedil;&atilde;o &ndash; garantir mais espa&ccedil;o na grade de programa&ccedil;&atilde;o das emissoras para a produ&ccedil;&atilde;o de conte&uacute;dos locais, produzidos localmente, com artistas e profissionais da regi&atilde;o, incentivando a produ&ccedil;&atilde;o independente&rdquo;.<\/p>\n<p>Renata Mielli, integrante do F&oacute;rum Nacional pela Democratiza&ccedil;&atilde;o da Comunica&ccedil;&atilde;o (FNDC), entidade que defende o<strong> <a href=\"http:\/\/www.paraexpressaraliberdade.org.br\" target=\"_blank\">&ldquo;Projeto de Lei por uma M&iacute;dia Democr&aacute;tica&rdquo;<\/a><\/strong> , afirmou durante o evento que &ldquo;a discuss&atilde;o da regionaliza&ccedil;&atilde;o tem a ver com a id&eacute;ia de um novo modelo de comunica&ccedil;&atilde;o no pa&iacute;s&rdquo;. Segundo ela, o rep&uacute;dio da sociedade civil se dirige n&atilde;o s&oacute; a forma, mas tamb&eacute;m ao conte&uacute;do do que foi aprovado pelo Senado, pois&nbsp; &ldquo;estimula ainda mais a concentra&ccedil;&atilde;o&rdquo;.<\/p>\n<p>A deputada Jandira Feghali afirma em<strong> <a href=\"%3C%20http:\/\/www.cartacapital.com.br\/politica\/sopa-de-pedra-2111.html%3E\" target=\"_blank\">artigo publicado nesta ter&ccedil;a<\/a><\/strong><u> <\/u> no site da revista Carta Capital que o projeto aprovado no Senado favorece a centraliza&ccedil;&atilde;o j&aacute; existente. Segundo ela, &ldquo;ainda que procurado por cineastas e representantes das associa&ccedil;&otilde;es de produtores independentes, o relator [Romero Juc&aacute; (PMDB\/RR)] n&atilde;o acatou sugest&otilde;es e sugeriu que as mesmas fossem apresentadas em plen&aacute;rio. Como um projeto de lei t&atilde;o importante, que deveria fazer ressoar os princ&iacute;pios na rec&eacute;m aprovada lei 12.485 &ndash; que regulamenta a regionaliza&ccedil;&atilde;o da TV a cabo &ndash;, &eacute; desconfigurado e deixa de considerar a inten&ccedil;&atilde;o do constituinte origin&aacute;rio que buscou democratizar o acesso do povo brasileiro &agrave; sua diversidade cultural?&rdquo;<\/p>\n<p>A deputada, que h&aacute; 22 anos discute com a sociedade e aguarda a implementa&ccedil;&atilde;o de um projeto de sua autoria sobre o tema, considera que dentre os pontos mais graves da proposta apresentada no m&ecirc;s passado no Congresso se destaca a possibilidade de se utilizar o Fundo Nacional de Cultura para &ldquo;socorrer emissoras privadas&rdquo;. &ldquo;&Eacute; como se n&atilde;o bastassem as polpudas verbas publicit&aacute;rias p&uacute;blicas e os milion&aacute;rios patroc&iacute;nios empresariais que recebem&rdquo;, critica. Al&eacute;m disso, considera &ldquo;dr&aacute;stica&rdquo; a redu&ccedil;&atilde;o no tempo previsto para cotas de transmiss&atilde;o, que garantem a obrigatoriedade de que as emissoras transmitam conte&uacute;dos locais e regionais.<\/p>\n<p>Participaram da coletiva p&uacute;blica parlamentares de diversos partidos, a diretora de Educa&ccedil;&atilde;o e Cultura da Secretaria de Pol&iacute;ticas Culturais do Minist&eacute;rio da Cultura, Juana Nunes, e organiza&ccedil;&otilde;es como o F&oacute;rum Nacional pela Democratiza&ccedil;&atilde;o da Comunica&ccedil;&atilde;o (FNDC), a Uni&atilde;o Nacional dos Estudantes (UNE), Associa&ccedil;&atilde;o Brasileira de Canais Comunit&aacute;rios (ABCCOM) e o Sindicato da Ind&uacute;stria Audiovisual de S&atilde;o Paulo (Siaesp). A Campanha #QueroMeVerNaTV concentrar&aacute; suas a&ccedil;&otilde;es na amplia&ccedil;&atilde;o do debate sobre o tema no Congresso e no envolvimento dos diversos atores da sociedade.<\/p>\n","protected":false},"excerpt":{"rendered":"<p>Entidades criticam proposta aprovada em Comiss&atilde;o Especial do Congresso que ignora duas d&eacute;cadas de discuss&atilde;o e favorece concentra&ccedil;&atilde;o da produ&ccedil;&atilde;o nos grandes centros do pa&iacute;s<\/p>\n","protected":false},"author":1,"featured_media":0,"comment_status":"open","ping_status":"open","sticky":false,"template":"","format":"standard","meta":{"footnotes":""},"categories":[40],"tags":[830],"_links":{"self":[{"href":"https:\/\/obscom.intervozes.org.br\/index.php?rest_route=\/wp\/v2\/posts\/27515"}],"collection":[{"href":"https:\/\/obscom.intervozes.org.br\/index.php?rest_route=\/wp\/v2\/posts"}],"about":[{"href":"https:\/\/obscom.intervozes.org.br\/index.php?rest_route=\/wp\/v2\/types\/post"}],"author":[{"embeddable":true,"href":"https:\/\/obscom.intervozes.org.br\/index.php?rest_route=\/wp\/v2\/users\/1"}],"replies":[{"embeddable":true,"href":"https:\/\/obscom.intervozes.org.br\/index.php?rest_route=%2Fwp%2Fv2%2Fcomments&post=27515"}],"version-history":[{"count":0,"href":"https:\/\/obscom.intervozes.org.br\/index.php?rest_route=\/wp\/v2\/posts\/27515\/revisions"}],"wp:attachment":[{"href":"https:\/\/obscom.intervozes.org.br\/index.php?rest_route=%2Fwp%2Fv2%2Fmedia&parent=27515"}],"wp:term":[{"taxonomy":"category","embeddable":true,"href":"https:\/\/obscom.intervozes.org.br\/index.php?rest_route=%2Fwp%2Fv2%2Fcategories&post=27515"},{"taxonomy":"post_tag","embeddable":true,"href":"https:\/\/obscom.intervozes.org.br\/index.php?rest_route=%2Fwp%2Fv2%2Ftags&post=27515"}],"curies":[{"name":"wp","href":"https:\/\/api.w.org\/{rel}","templated":true}]}}