{"id":27514,"date":"2013-08-05T13:55:09","date_gmt":"2013-08-05T13:55:09","guid":{"rendered":"https:\/\/obscom.intervozes.org.br\/wordpress\/?p=27514"},"modified":"2014-09-07T03:03:16","modified_gmt":"2014-09-07T03:03:16","slug":"mudanca-na-norma-da-tv-digital-pode-dificultar-fiscalizacao","status":"publish","type":"post","link":"https:\/\/obscom.intervozes.org.br\/?p=27514","title":{"rendered":"Mudan\u00e7a na norma da TV digital pode dificultar fiscaliza\u00e7\u00e3o"},"content":{"rendered":"<p>O decreto n.&ordm; 8.061\/2013, publicado no dia 30 de julho, altera algumas normas estabelecidas para a TV Digital, desde 2006. Flexibiliza a obriga&ccedil;&atilde;o de transmiss&atilde;o simult&acirc;nea (simulcast) do sinal digital e anal&oacute;gico que estava prevista para o per&iacute;odo de transi&ccedil;&atilde;o entre esses sistemas. Faz, tamb&eacute;m, pequenas modifica&ccedil;&otilde;es nas normas, alegando simplificar procedimentos existentes, como dispensar as emissoras comunit&aacute;rias de solicitar licen&ccedil;a de funcionamento. Uma dessas altera&ccedil;&otilde;es diz respeito &agrave; aboli&ccedil;&atilde;o da exig&ecirc;ncia de que esta&ccedil;&otilde;es irradiem o nome da cidade em que est&atilde;o instalada, quando uma mesma sociedade possui esta&ccedil;&otilde;es em v&aacute;rias cidades.&nbsp; <\/p>\n<p>O Minist&eacute;rio das Comunica&ccedil;&otilde;es afirma que &ldquo;a altera&ccedil;&atilde;o do dispositivo n&atilde;o facilita a pr&aacute;tica de instalar esta&ccedil;&otilde;es em cidades distintas&rdquo;. De acordo com resposta da assessoria de imprensa do &oacute;rg&atilde;o, &ldquo;para o poder p&uacute;blico, as demais informa&ccedil;&otilde;es a serem citadas (nome do outorgado e indicativo de chamada), aliadas a fiscaliza&ccedil;&otilde;es in loco e &agrave;s informa&ccedil;&otilde;es cadastrais das emissoras, s&atilde;o suficientes para confirmar o munic&iacute;pio onde a emissora est&aacute; instalada. Para a sociedade, h&aacute; diversas formas de saber em que munic&iacute;pio est&aacute; localizada uma emissora, como, por exemplo, consulta ao site da emissora ou a sistema dispon&iacute;vel no site do Minist&eacute;rio das Comunica&ccedil;&otilde;es&rdquo;.<\/p>\n<p>De acordo com apura&ccedil;&atilde;o feita pelo F&oacute;rum Interinstitucional pelo Direito &agrave; Comunica&ccedil;&atilde;o (Findac), e j&aacute; encaminhada pelo Minist&eacute;rio P&uacute;blico Federal de S&atilde;o Paulo ao MiniCom, de 39 emissoras FM com opera&ccedil;&atilde;o na cidade de S&atilde;o Paulo ao menos 16 t&ecirc;m licen&ccedil;a de funcionamento apenas para outros munic&iacute;pios do estado.&nbsp;O &oacute;rg&atilde;o anunciou que aguarda parecer da Ag&ecirc;ncia Nacional de Telecomunica&ccedil;&otilde;es (Anatel) para divulgar o resultado da fiscaliza&ccedil;&atilde;o sobre irregularidades no funcionamento dessas emissoras.<\/p>\n<p>O <a href=\"http:\/\/localhost\/intervozes_direitoacomunicacao\/wordpress\/?p=27335\">Minist&eacute;rio das Comunica&ccedil;&otilde;es (MiniCom) havia informado em janeiro ao MPF-SP <\/a> que comunicaria o resultado da fiscaliza&ccedil;&atilde;o sobre irregularidades no funcionamento de emissoras de r&aacute;dio no munic&iacute;pio de S&atilde;o Paulo assim que recebesse o parecer da Ag&ecirc;ncia Nacional de Telecomunica&ccedil;&otilde;es (Anatel), previsto para meados de fevereiro. A declara&ccedil;&atilde;o do Minist&eacute;rio foi entregue ao Minist&eacute;rio P&uacute;blico Federal de S&atilde;o Paulo que havia recomendado em 2012 a verifica&ccedil;&atilde;o das condi&ccedil;&otilde;es em que operavam r&aacute;dios comerciais e educativas na capital do estado.<\/p>\n<p>Membros do Findac afirmam que, embora o minist&eacute;rio j&aacute; tenha recebido a resposta da Anatel sobre o pedido de verifica&ccedil;&atilde;o da situa&ccedil;&atilde;o, n&atilde;o se recebeu ainda nenhuma resposta formal do governo apresentando os resultados e as provid&ecirc;ncias a serem tomadas em rela&ccedil;&atilde;o a esses casos. &nbsp; <br \/><strong><br \/>Altera&ccedil;&atilde;o<\/strong><\/p>\n<p>A presidenta Dilma Roussef publicou, no dia 30 (ter&ccedil;a-feira), o decreto n.&ordm; 8.061\/2013, que altera a norma de 2006 que trata da implanta&ccedil;&atilde;o da TV digital no Brasil. De acordo com o Minist&eacute;rio das Comunica&ccedil;&otilde;es, o objetivo das mudan&ccedil;as &eacute; acelerar o processo de digitaliza&ccedil;&atilde;o da televis&atilde;o no pa&iacute;s. <\/p>\n<p>O novo cronograma para o desligamento do sinal anal&oacute;gico de televis&atilde;o &eacute; o principal destaque dado ao decreto pelo governo federal e pela imprensa especializada. Previsto para ocorrer de uma s&oacute; vez em 2016, o chamado &ldquo;switch off&rdquo; foi antecipado para 2015 nas regi&otilde;es metropolitanas e maiores cidades do pa&iacute;s. A concess&atilde;o de novas outorgas para emissoras em sinal anal&oacute;gico ser&atilde;o dadas apenas at&eacute; o fim de agosto deste ano.<\/p>\n<p>Com a medida, o governo federal espera disponibilizar parte da faixa de frequ&ecirc;ncia de 700 MHz (hoje ocupada por canais de televis&atilde;o anal&oacute;gica) para a explora&ccedil;&atilde;o do servi&ccedil;o de internet por meio de telefonia m&oacute;vel, oferecido por empresas de telecomunica&ccedil;&atilde;o. Em outras regi&otilde;es, o desligamento ocorrer&aacute; at&eacute; 2018.<\/p>\n","protected":false},"excerpt":{"rendered":"<p>Minist&eacute;rio P&uacute;blico Federal ainda aguarda resposta do Minist&eacute;rio das Comunica&ccedil;&otilde;es sobre irregularidades na cidade de S&atilde;o Paulo. Empresas s&atilde;o investigadas por emitir para localidade em que n&atilde;o foram autorizadas.<\/p>\n","protected":false},"author":1,"featured_media":0,"comment_status":"open","ping_status":"open","sticky":false,"template":"","format":"standard","meta":{"footnotes":""},"categories":[40],"tags":[1777],"_links":{"self":[{"href":"https:\/\/obscom.intervozes.org.br\/index.php?rest_route=\/wp\/v2\/posts\/27514"}],"collection":[{"href":"https:\/\/obscom.intervozes.org.br\/index.php?rest_route=\/wp\/v2\/posts"}],"about":[{"href":"https:\/\/obscom.intervozes.org.br\/index.php?rest_route=\/wp\/v2\/types\/post"}],"author":[{"embeddable":true,"href":"https:\/\/obscom.intervozes.org.br\/index.php?rest_route=\/wp\/v2\/users\/1"}],"replies":[{"embeddable":true,"href":"https:\/\/obscom.intervozes.org.br\/index.php?rest_route=%2Fwp%2Fv2%2Fcomments&post=27514"}],"version-history":[{"count":1,"href":"https:\/\/obscom.intervozes.org.br\/index.php?rest_route=\/wp\/v2\/posts\/27514\/revisions"}],"predecessor-version":[{"id":28329,"href":"https:\/\/obscom.intervozes.org.br\/index.php?rest_route=\/wp\/v2\/posts\/27514\/revisions\/28329"}],"wp:attachment":[{"href":"https:\/\/obscom.intervozes.org.br\/index.php?rest_route=%2Fwp%2Fv2%2Fmedia&parent=27514"}],"wp:term":[{"taxonomy":"category","embeddable":true,"href":"https:\/\/obscom.intervozes.org.br\/index.php?rest_route=%2Fwp%2Fv2%2Fcategories&post=27514"},{"taxonomy":"post_tag","embeddable":true,"href":"https:\/\/obscom.intervozes.org.br\/index.php?rest_route=%2Fwp%2Fv2%2Ftags&post=27514"}],"curies":[{"name":"wp","href":"https:\/\/api.w.org\/{rel}","templated":true}]}}