{"id":27509,"date":"2013-07-24T17:35:12","date_gmt":"2013-07-24T17:35:12","guid":{"rendered":"https:\/\/obscom.intervozes.org.br\/wordpress\/?p=27509"},"modified":"2013-07-24T17:35:12","modified_gmt":"2013-07-24T17:35:12","slug":"governador-do-rio-de-janeiro-atenta-contra-o-direito-a-comunicacao","status":"publish","type":"post","link":"https:\/\/obscom.intervozes.org.br\/?p=27509","title":{"rendered":"Governador do Rio de Janeiro atenta contra o direito \u00e0 comunica\u00e7\u00e3o"},"content":{"rendered":"<p>O governador do Rio de Janeiro, S&eacute;rgio Cabral (PMDB), baixou decreto, publicado no Di&aacute;rio Oficial no dia 22 (segunda), criando uma Comiss&atilde;o Especial de Investiga&ccedil;&atilde;o de Atos de Vandalismo em Manifesta&ccedil;&otilde;es P&uacute;blicas. Com a medida ficou estabelecido que operadoras de telefonia e provedores de internet teriam 24 horas de prazo para atender os pedidos de informa&ccedil;&otilde;es da comiss&atilde;o. No dia 24, foi noticiado pela Folha de S&atilde;o Paulo que o governante teria recuado e deveria alterar a reda&ccedil;&atilde;o do texto, por&eacute;m sem informar quais seriam as modifica&ccedil;&otilde;es.<\/p>\n<p>O presidente nacional da OAB (Ordem dos Advogados do Brasil), Marcus Vinicius Furtado, se pronunciou afirmando a inconstitucionalidade do decreto assinado pelo governador com a finalidade de &ldquo;investigar atos de vandalismo&rdquo;. &quot;A Constitui&ccedil;&atilde;o Federal assegura a inviolabilidade das comunica&ccedil;&otilde;es entre pessoas. N&atilde;o tenho a menor d&uacute;vida em afirmar que o decreto &eacute; flagrantemente inconstitucional&quot;, defendeu.<\/p>\n<p>O interesse do governador do Rio de Janeiro de controlar informa&ccedil;&otilde;es se manifestou mais uma vez na noite do mesmo dia 22, quando, durante os protestos em frente &agrave; sede do governo, os rep&oacute;rteres do grupo &ldquo;M&iacute;dia Ninja&rdquo; foram arbitrariamente impedidos de veicular as imagens das manifesta&ccedil;&otilde;es e levados &agrave; delegacia, da qual sa&iacute;ram mediante press&atilde;o e apoio dos manifestantes que se dirigiram ao local.<\/p>\n<p>As manifesta&ccedil;&otilde;es ocorridas no Rio de Janeiro t&ecirc;m criticado fortemente o governo estadual. Manifestantes j&aacute; se dirigiram &agrave; sede do governo e chegaram mesmo a acampar em frente &agrave; casa do governador, no Leblon, de onde foram retirados &agrave; for&ccedil;a. Os acontecimentos do dia 22 demonstram o interesse de S&eacute;rgio Cabral em lidar com&nbsp; a cr&iacute;tica das ruas por meio do controle da informa&ccedil;&atilde;o, passando por cima de princ&iacute;pios inviol&aacute;veis, como do direito &agrave; privacidade e &agrave; liberdade de express&atilde;o.<\/p>\n<p>Segundo Daniel Fons&ecirc;ca, representante do Intervozes e membro da Frente Ampla pela Liberdade de Express&atilde;o do Rio de Janeiro (Fale-Rio), &ldquo;a pris&atilde;o de dois integrantes do grupo M&iacute;dia Ninja n&atilde;o &eacute; somente um atentado &agrave; liberdade de imprensa, de acordo com a ideia que a m&iacute;dia comercial tradicional costuma convencionar este conceito. Mais do que isso, principalmente sabendo que outras nove pessoas foram detidas na mesma noite, &eacute; uma a&ccedil;&atilde;o de um Estado que viola os direitos &agrave;s liberdades de express&atilde;o, de organiza&ccedil;&atilde;o e de manifesta&ccedil;&atilde;o&rdquo;<\/p>\n<p>Para Fons&ecirc;ca,o governo de S&eacute;rgio Cabral (PMDB) &eacute; &ldquo;exemplo caricato&rdquo; da estrat&eacute;gia comum de utiliza&ccedil;&atilde;o do &ldquo;estado de exce&ccedil;&atilde;o&rdquo; por governos autorit&aacute;rios para lidar com a intensa demanda por participa&ccedil;&atilde;o popular em um momento como atual de crise do capitalismo. A persegui&ccedil;&atilde;o a jornalistas e a vigil&acirc;ncia sem limites seriam express&atilde;o desse modelo de pol&iacute;tica. &ldquo;Nesse contexto, o direito &agrave; comunica&ccedil;&atilde;o, que &eacute; transversal na garantia dos demais direitos humanos, tem se mostrado uma das causas mais destacadas nas manifesta&ccedil;&otilde;es que se espalharam pelo pa&iacute;s desde junho. A afirma&ccedil;&atilde;o desse direito vai desde a repulsa &agrave; presen&ccedil;a dos meios comerciais ao apoio &agrave; implementa&ccedil;&atilde;o de uma nova legisla&ccedil;&atilde;o por uma m&iacute;dia democr&aacute;tica&rdquo;, completa.<\/p>\n","protected":false},"excerpt":{"rendered":"<p>Em uma sucess&atilde;o de autoritarismos, S&eacute;rgio Cabral d&aacute; exemplos de como violar a privacidade e restringir a liberdade de express&atilde;o<\/p>\n","protected":false},"author":1,"featured_media":0,"comment_status":"open","ping_status":"open","sticky":false,"template":"","format":"standard","meta":{"footnotes":""},"categories":[40],"tags":[1760],"_links":{"self":[{"href":"https:\/\/obscom.intervozes.org.br\/index.php?rest_route=\/wp\/v2\/posts\/27509"}],"collection":[{"href":"https:\/\/obscom.intervozes.org.br\/index.php?rest_route=\/wp\/v2\/posts"}],"about":[{"href":"https:\/\/obscom.intervozes.org.br\/index.php?rest_route=\/wp\/v2\/types\/post"}],"author":[{"embeddable":true,"href":"https:\/\/obscom.intervozes.org.br\/index.php?rest_route=\/wp\/v2\/users\/1"}],"replies":[{"embeddable":true,"href":"https:\/\/obscom.intervozes.org.br\/index.php?rest_route=%2Fwp%2Fv2%2Fcomments&post=27509"}],"version-history":[{"count":0,"href":"https:\/\/obscom.intervozes.org.br\/index.php?rest_route=\/wp\/v2\/posts\/27509\/revisions"}],"wp:attachment":[{"href":"https:\/\/obscom.intervozes.org.br\/index.php?rest_route=%2Fwp%2Fv2%2Fmedia&parent=27509"}],"wp:term":[{"taxonomy":"category","embeddable":true,"href":"https:\/\/obscom.intervozes.org.br\/index.php?rest_route=%2Fwp%2Fv2%2Fcategories&post=27509"},{"taxonomy":"post_tag","embeddable":true,"href":"https:\/\/obscom.intervozes.org.br\/index.php?rest_route=%2Fwp%2Fv2%2Ftags&post=27509"}],"curies":[{"name":"wp","href":"https:\/\/api.w.org\/{rel}","templated":true}]}}