{"id":27508,"date":"2013-07-23T16:34:17","date_gmt":"2013-07-23T16:34:17","guid":{"rendered":"https:\/\/obscom.intervozes.org.br\/wordpress\/?p=27508"},"modified":"2013-07-23T16:34:17","modified_gmt":"2013-07-23T16:34:17","slug":"entidades-reivindicam-regulamentacao-da-regionalizacao-ampliada","status":"publish","type":"post","link":"https:\/\/obscom.intervozes.org.br\/?p=27508","title":{"rendered":"Entidades reivindicam regulamenta\u00e7\u00e3o da regionaliza\u00e7\u00e3o ampliada"},"content":{"rendered":"<p>Reunidas no dia 22 (segunda) no Centro de Estudos de M&iacute;dia Alternativa Bar&atilde;o de Itarar&eacute;, em S&atilde;o Paulo, entidades da sociedade civil decidiram por se mobilizar para obter o retorno do Projeto de Lei 5992\/13, que visa regulamentar o artigo 221 da Constitui&ccedil;&atilde;o, &agrave; Comiss&atilde;o Mista de Consolida&ccedil;&atilde;o da Legisla&ccedil;&atilde;o Federal e Regulamenta&ccedil;&atilde;o de Dispositivos da Constitui&ccedil;&atilde;o Federal (CMCLF). Para que isso ocorra &#8211; o projeto vai para o plen&aacute;rio da C&acirc;mara sem passar por mais comiss&otilde;es &#8211; deputados precisam apresentar emendas ao texto.<\/p>\n<p>O PL foi aprovado no dia 11 pela Comiss&atilde;o Especial e tem por finalidade regulamentar o artigo da Constitui&ccedil;&atilde;o Federal que disp&otilde;e sobre a promo&ccedil;&atilde;o da cultura nacional e regional, o est&iacute;mulo &agrave; produ&ccedil;&atilde;o independente e a regionaliza&ccedil;&atilde;o da produ&ccedil;&atilde;o cultural, art&iacute;stica e jornal&iacute;stica, conforme percentuais estabelecidos em lei. Entidades da sociedade civil consideram que o Congresso ignora a discuss&atilde;o que vem sendo travada h&aacute; mais de 20 anos.<\/p>\n<p>Para Renata Mielli, do Centro Bar&atilde;o de Itarar&eacute;, &ldquo;a regulamenta&ccedil;&atilde;o da regionaliza&ccedil;&atilde;o da programa&ccedil;&atilde;o prevista no artigo 221 deve ter o intuito de ampliar a diversidade e a pluralidade cultural, art&iacute;stica, social e de representa&ccedil;&atilde;o das v&aacute;rias realidades brasileiras na m&iacute;dia e n&atilde;o para favorecer aqueles que j&aacute; ocupam 90% do conte&uacute;do de programa&ccedil;&atilde;o da TV aberta&rdquo;.<\/p>\n<p>De acordo a deputada Jandira Feghali (PCdoB-RJ), o relat&oacute;rio apresentado pelo senador Romero Juc&aacute; na Comiss&atilde;o n&atilde;o abrange as principais necessidades da regionaliza&ccedil;&atilde;o e ignorou o debate j&aacute; produzido em 20 anos sobre projeto de lei de sua autoria e com a mesma tem&aacute;tica. No texto da parlamentar, est&aacute; prevista uma cota de 40% para a produ&ccedil;&atilde;o independente.<\/p>\n<p>Est&aacute; prevista para o dia 6 de agosto uma coletiva p&uacute;blica na C&acirc;mara com deputados e representantes de entidades da sociedade civil para denunciar os pontos problem&aacute;ticos do projeto aprovado e criticar o atropelo das discuss&otilde;es j&aacute; existentes sobre o tema.<\/p>\n<p>Entre os principais pontos cr&iacute;ticos apontados pelas entidades encontram-se a exig&ecirc;ncia de um tempo de veicula&ccedil;&atilde;o de produ&ccedil;&atilde;o regional de menos de 14 horas semanais; a incorpora&ccedil;&atilde;o das transmiss&otilde;es em cadeia nacional de pronunciamentos da presid&ecirc;ncia, de propaganda eleitoral obrigat&oacute;rio e de campanhas de interesse nacional nas horas reservadas ao cumprimento da cota regional; as baixas penalidades aplicadas; a utiliza&ccedil;&atilde;o do Fundo Nacional da Cultura, presente na Lei Procultura, para o financiamento de produ&ccedil;&atilde;o por parte de empresas que concentram propriedade no setor; a neglig&ecirc;ncia com as r&aacute;dios na regulamenta&ccedil;&atilde;o; a n&atilde;o classifica&ccedil;&atilde;o de hor&aacute;rios para transmiss&atilde;o e a falta de obrigatoriedade de transmiss&atilde;o de produ&ccedil;&atilde;o independente.<\/p>\n<p><strong>Descontentamento<\/strong><\/p>\n<p>A aprova&ccedil;&atilde;o do parecer do senador Romero Juc&aacute; (PMDB-RR) pela Comiss&atilde;o Mista de Consolida&ccedil;&atilde;o da Legisla&ccedil;&atilde;o Federal e Regulamenta&ccedil;&atilde;o de Dispositivos da Constitui&ccedil;&atilde;o Federal restringe o projeto original da deputada Jandira Feghali (PCdoB-RJ) apresentado em 1991. <\/p>\n<p>O parlamentar justifica os limites a uma maior amplia&ccedil;&atilde;o contidos no seu relat&oacute;rio ressaltando &ldquo;as peculiaridades de cidades pequenas e m&eacute;dias que t&ecirc;m, no caso das televis&otilde;es, uma grade muito ex&iacute;gua de abertura das redes, porque quem repete rede trabalha com espa&ccedil;o bastante reduzido para fazer programa&ccedil;&otilde;es regionais ou locais&rdquo;. Al&eacute;m disso, argumenta evocando o &ldquo;equil&iacute;brio econ&ocirc;mico financeiro&rdquo; de r&aacute;dios e televis&otilde;es em localidades pequenas que n&atilde;o teriam condi&ccedil;&otilde;es de arcar com produ&ccedil;&otilde;es independentes.<\/p>\n<p>A Associa&ccedil;&atilde;o Brasileira de Produtoras Independentes de Televis&atilde;o (ABPITV) se manifestou contra o texto que considera a inclus&atilde;o de programa jornal&iacute;stico e esportivo na categoria regional e cultural, al&eacute;m de criticar o processo de revis&atilde;o constitucional. &quot;O projeto precisa refletir todos os atores, e n&atilde;o s&oacute; a radiodifus&atilde;o. N&atilde;o pode ser a toque de caixa&quot;, afirma Marco Altberg, presidente da ABPITV.<\/p>\n<p>O <a href=\"http:\/\/www.fndc.org.br\/internas.php?p=noticias&amp;cont_key=917257\">F&oacute;rum Nacional pela Democratiza&ccedil;&atilde;o da Comunica&ccedil;&atilde;o (FNDC) lan&ccedil;ou nota<\/a>  criticando o projeto aprovado pela Comiss&atilde;o, na qual afirma que &ldquo;o projeto aprovado estabelece cotas irrelevantes de programa&ccedil;&atilde;o regionais&rdquo; e se trata de &ldquo;um atentado contra a diversidade e pluralidade nos meios de comunica&ccedil;&atilde;o, fortalecendo o cen&aacute;rio de concentra&ccedil;&atilde;o que impede a liberdade de express&atilde;o da maioria da popula&ccedil;&atilde;o brasileira&rdquo;. <\/p>\n<p>&ldquo;A regionaliza&ccedil;&atilde;o da programa&ccedil;&atilde;o da r&aacute;dio e TV, al&eacute;m do incentivo a produ&ccedil;&atilde;o independente, sempre esteve na pauta do movimento pela democratiza&ccedil;&atilde;o da comunica&ccedil;&atilde;o&rdquo;, afirma. O Projeto de Lei da M&iacute;dia Democr&aacute;tica, lan&ccedil;ado pela campanha &quot;Para Expressar a Liberdade&quot; &ndash; iniciativa da entidade &ndash; prop&otilde;e um m&iacute;nimo de 30% de produ&ccedil;&atilde;o local di&aacute;ria, sendo 10% da produ&ccedil;&atilde;o em hor&aacute;rio nobre para produ&ccedil;&otilde;es independentes.<\/p>\n<p><strong>Baixo &iacute;ndice de produ&ccedil;&atilde;o local <\/strong><\/p>\n<p>O Observat&oacute;rio do Direito &agrave; Comunica&ccedil;&atilde;o realizou em 2009 um levantamento em 11 capitais brasileiras (uma amostra com 58 emissoras, incluindo p&uacute;blicas e comerciais), apontando que&nbsp; a produ&ccedil;&atilde;o local ocupava apenas uma m&eacute;dia de 10,83% da TV aberta. Este &iacute;ndice &eacute; bastante inferior ao percentual de 30% previsto pela vers&atilde;o inicial do Projeto de Lei da ex-deputada Jandira Feghali (256\/1991) . <\/p>\n<p>Segundo o mesmo estudo, atualmente as emissoras p&uacute;blicas tendem a dar mais espa&ccedil;o para produ&ccedil;&otilde;es local. A TV Brasil, por exemplo, teria cerca de um quarto de sua grade dedicada a programas com esse car&aacute;ter (25,55%), enquanto a Rede Globo daria um espa&ccedil;o de apenas 7%. Dentro desse universo, os telejornais representariam quase que oito vezes o n&uacute;mero de horas dedicadas ao entretenimento, segundo g&ecirc;nero mais produzido localmente.<\/p>\n<p>A pesquisa, por&eacute;m, n&atilde;o apresenta detalhes suficientes sobre o perfil da programa&ccedil;&atilde;o, mas indica preocupa&ccedil;&atilde;o com o arrendamento de hor&aacute;rios nas grades das emissoras privadas, o que, exclu&iacute;do, reduziria o &iacute;ndice de produ&ccedil;&atilde;o local apresentado. Dentre os principais arrendat&aacute;rios, encontram-se os grupos religiosos.<\/p>\n<p>Outra distor&ccedil;&atilde;o n&atilde;o considerada pela pesquisa diz respeito &agrave;s diferen&ccedil;as de hor&aacute;rios na grade de programa&ccedil;&atilde;o, pois a distribui&ccedil;&atilde;o dos programas obedece a uma hierarquia, em que &ldquo;hor&aacute;rio nobre&rdquo; e &ldquo;madrugada&rdquo; s&atilde;o dois p&oacute;los opostos nos &iacute;ndices que medem a quantidade de telespectadores assistindo aos canais.<\/p>\n<p>A regulamenta&ccedil;&atilde;o da TV paga tem demonstrado que as pol&iacute;ticas de cotas de programa&ccedil;&atilde;o podem ter impacto significativo. A obriga&ccedil;&atilde;o de exibi&ccedil;&atilde;o de conte&uacute;do nacional, em apenas quatro meses de vig&ecirc;ncia da Lei 12.485\/11, teria provocado um consider&aacute;vel aumento da presen&ccedil;a brasileira concomitante &agrave; amplia&ccedil;&atilde;o do mercado. Em 2012, foram levadas ao ar mais de 2.006 horas de programa&ccedil;&atilde;o nacional, contra um total de 1.000 horas e 11 minutos em 2011.<\/p>\n","protected":false},"excerpt":{"rendered":"<p>Projeto de Lei aprovado em comiss&atilde;o do Congresso desconsidera 20 anos de discuss&atilde;o. Retorno do documento &agrave; comiss&atilde;o &eacute; considerado estrat&eacute;gico para reduzir os danos de um processo atropelado<\/p>\n","protected":false},"author":1,"featured_media":0,"comment_status":"open","ping_status":"open","sticky":false,"template":"","format":"standard","meta":{"footnotes":""},"categories":[40],"tags":[1776],"_links":{"self":[{"href":"https:\/\/obscom.intervozes.org.br\/index.php?rest_route=\/wp\/v2\/posts\/27508"}],"collection":[{"href":"https:\/\/obscom.intervozes.org.br\/index.php?rest_route=\/wp\/v2\/posts"}],"about":[{"href":"https:\/\/obscom.intervozes.org.br\/index.php?rest_route=\/wp\/v2\/types\/post"}],"author":[{"embeddable":true,"href":"https:\/\/obscom.intervozes.org.br\/index.php?rest_route=\/wp\/v2\/users\/1"}],"replies":[{"embeddable":true,"href":"https:\/\/obscom.intervozes.org.br\/index.php?rest_route=%2Fwp%2Fv2%2Fcomments&post=27508"}],"version-history":[{"count":0,"href":"https:\/\/obscom.intervozes.org.br\/index.php?rest_route=\/wp\/v2\/posts\/27508\/revisions"}],"wp:attachment":[{"href":"https:\/\/obscom.intervozes.org.br\/index.php?rest_route=%2Fwp%2Fv2%2Fmedia&parent=27508"}],"wp:term":[{"taxonomy":"category","embeddable":true,"href":"https:\/\/obscom.intervozes.org.br\/index.php?rest_route=%2Fwp%2Fv2%2Fcategories&post=27508"},{"taxonomy":"post_tag","embeddable":true,"href":"https:\/\/obscom.intervozes.org.br\/index.php?rest_route=%2Fwp%2Fv2%2Ftags&post=27508"}],"curies":[{"name":"wp","href":"https:\/\/api.w.org\/{rel}","templated":true}]}}