{"id":27499,"date":"2013-07-12T12:02:23","date_gmt":"2013-07-12T12:02:23","guid":{"rendered":"https:\/\/obscom.intervozes.org.br\/wordpress\/?p=27499"},"modified":"2014-09-07T03:03:15","modified_gmt":"2014-09-07T03:03:15","slug":"proposta-de-reforma-politica-inclui-democratizacao-da-comunicacao","status":"publish","type":"post","link":"https:\/\/obscom.intervozes.org.br\/?p=27499","title":{"rendered":"Proposta de reforma pol\u00edtica inclui democratiza\u00e7\u00e3o da comunica\u00e7\u00e3o"},"content":{"rendered":"<p>Foco de aten&ccedil;&atilde;o da sociedade brasileira nas &uacute;ltimas semanas, a reforma pol&iacute;tica &eacute; uma proposta que os movimentos sociais j&aacute; discutem h&aacute; quase dez anos. Ignorada, no geral, pela grande m&iacute;dia, passou a ser centro do debate ap&oacute;s o an&uacute;ncio dos &ldquo;cinco pactos em favor do Brasil&rdquo; pela presidenta Dilma Roussef em sua resposta &agrave; onda de manifesta&ccedil;&otilde;es que tomaram o pa&iacute;s no m&ecirc;s de junho. Embora as reivindica&ccedil;&otilde;es pela democratiza&ccedil;&atilde;o da comunica&ccedil;&atilde;o tenham sido ignoradas pelo governo federal, elas se inserem no debate da reforma pol&iacute;tica, se este for encarado da forma que desejam os movimentos sociais.<\/p>\n<p>Desde pelo menos 2004, foi iniciado um processo de discuss&atilde;o que resultou na elabora&ccedil;&atilde;o da <a href=\"http:\/\/www.reformapolitica.org.br\/\">Plataforma dos Movimentos Sociais pela Reforma Pol&iacute;tica<\/a> . Essa busca pela &ldquo;democratiza&ccedil;&atilde;o do Estado&rdquo; resultou na defini&ccedil;&atilde;o de cinco eixos que estruturam a plataforma, divididos em fortalecimento da democracia direta, fortalecimento da democracia participativa\/deliberativa, aperfei&ccedil;oamento da&nbsp; democracia representativa, democratiza&ccedil;&atilde;o da informa&ccedil;&atilde;o e da comunica&ccedil;&atilde;o e democratiza&ccedil;&atilde;o e&nbsp; transpar&ecirc;ncia do Poder Judici&aacute;rio.<\/p>\n<p>A defini&ccedil;&atilde;o de que a democratiza&ccedil;&atilde;o da informa&ccedil;&atilde;o e da comunica&ccedil;&atilde;o s&atilde;o parte integrante de uma reforma pol&iacute;tica adequada se justifica na compreens&atilde;o expressa no site da plataforma de que n&atilde;o se pode restringir a mudan&ccedil;as no sistema eleitoral. De acordo com o texto citado, &ldquo;reforma do sistema pol&iacute;tico inclui n&atilde;o apenas reforma do sistema eleitoral, portanto da democracia&nbsp; representativa, mas&nbsp; principalmente &ldquo;reforma&rdquo; dos processos&nbsp; decis&oacute;rios, portanto do poder, da forma de seu exerc&iacute;cio, de quem exerce e dos mecanismos de controle.&nbsp; Portanto &eacute; um debate muito mais amplo que da&nbsp; reforma do sistema eleitoral e da representa&ccedil;&atilde;o&rdquo;.<\/p>\n<p><strong>Concess&otilde;es p&uacute;blicas de radiodifus&atilde;o para pol&iacute;ticos<\/strong><\/p>\n<p>De acordo com o eixo sobre democratiza&ccedil;&atilde;o da informa&ccedil;&atilde;o e da comunica&ccedil;&atilde;o da Plataforma dos Movimentos Sociais pela Reforma Pol&iacute;tica, &ldquo;o direito &agrave; comunica&ccedil;&atilde;o &eacute; um dos pilares centrais de uma sociedade democr&aacute;tica. Informa&ccedil;&atilde;o &eacute; poder e a qualidade da informa&ccedil;&atilde;o ou o n&iacute;vel de informa&ccedil;&atilde;o de um povo influencia direta e necessariamente a qualidade do processo democr&aacute;tico. N&atilde;o &eacute; poss&iacute;vel falar em democracia plena com um cen&aacute;rio de concentra&ccedil;&atilde;o dos meios de comunica&ccedil;&atilde;o como o brasileiro&rdquo;.<\/p>\n<p>Dos oito pontos apontados pelo eixo de democratiza&ccedil;&atilde;o da informa&ccedil;&atilde;o e da comunica&ccedil;&atilde;o, um inclui a discuss&atilde;o sobre a distribui&ccedil;&atilde;o de concess&otilde;es de radiodifus&atilde;o para pessoas que exer&ccedil;am cargo pol&iacute;tico. A proposta consiste na proibi&ccedil;&atilde;o de que parlamentares sejam concession&aacute;rios de emissoras de r&aacute;dio e TV, considerando que &ldquo;sobre o processo de concess&otilde;es, &eacute; preciso fazer valer de imediato o dispositivo legal que impede que parlamentares sejam concession&aacute;rios de radiodifus&atilde;o (Art. 54 da Constitui&ccedil;&atilde;o Federal)&rdquo;<\/p>\n<p>Pedro Ekman, coordenador do Intervozes, entidade que participa na elabora&ccedil;&atilde;o da plataforma, considera que a cr&iacute;tica &agrave; distribui&ccedil;&atilde;o da concess&atilde;o para parlamentares pode ser um bom caminho para que a popula&ccedil;&atilde;o atente para a necessidade de incluir a democratiza&ccedil;&atilde;o da comunica&ccedil;&atilde;o em um processo efetivo de reforma pol&iacute;tica. Segundo ele, &ldquo;a promiscuidade entre meios de comunica&ccedil;&atilde;o e pol&iacute;tica &eacute; um dos pilares que sustenta o sistema no qual a popula&ccedil;&atilde;o n&atilde;o se reconhece mais&rdquo;.<\/p>\n<p><strong>Raz&otilde;es para a proibi&ccedil;&atilde;o<\/strong><\/p>\n<p>O <a href=\"http:\/\/localhost\/intervozes_direitoacomunicacao\/wordpress\/?p=27494\">PSOL move no Supremo Tribunal Federal uma a&ccedil;&atilde;o<\/a>  em que se reivindica a proibi&ccedil;&atilde;o da concess&atilde;o de radiodifus&atilde;o a pessoas que exer&ccedil;am mandatos pol&iacute;ticos. O documento lista ao menos dez raz&otilde;es que justificam a proibi&ccedil;&atilde;o de tal pr&aacute;tica. <\/p>\n<p>Entre estas raz&otilde;es, pode-se apontar a perda de autonomia das emissoras de r&aacute;dio e TV, pois se a fun&ccedil;&atilde;o da imprensa &eacute; fiscalizar os que exercem os poderes estatais, ent&atilde;o estes n&atilde;o podem ser controladores dos ve&iacute;culos da imprensa. Outro motivo seria a deturpa&ccedil;&atilde;o do processo eleitoral, haja vista que a divulga&ccedil;&atilde;o de informa&ccedil;&otilde;es pelas emissoras de r&aacute;dio e TV limita o volume de informa&ccedil;&otilde;es dos candidatos dispon&iacute;veis ao p&uacute;blico e pode prejudicar, assim, a avalia&ccedil;&atilde;o de candidatos, programas e governos, influenciando a capacidade de escolha dos eleitores no momento da elei&ccedil;&atilde;o.<\/p>\n<p>O processo inclui uma medida cautelar que aguarda o parecer do Minist&eacute;rio P&uacute;blico Federal desde abril de 2012 e, em seguida, ser&aacute; julgado pelo STF.<\/p>\n","protected":false},"excerpt":{"rendered":"<p>Movimentos sociais defendem plataforma que abrange comunica&ccedil;&atilde;o. Cr&iacute;tica &agrave;s concess&otilde;es dadas a parlamentares pode ser chave para uma reforma que n&atilde;o se limite ao sistema eleitoral.<\/p>\n","protected":false},"author":1,"featured_media":0,"comment_status":"open","ping_status":"open","sticky":false,"template":"","format":"standard","meta":{"footnotes":""},"categories":[40],"tags":[1773],"_links":{"self":[{"href":"https:\/\/obscom.intervozes.org.br\/index.php?rest_route=\/wp\/v2\/posts\/27499"}],"collection":[{"href":"https:\/\/obscom.intervozes.org.br\/index.php?rest_route=\/wp\/v2\/posts"}],"about":[{"href":"https:\/\/obscom.intervozes.org.br\/index.php?rest_route=\/wp\/v2\/types\/post"}],"author":[{"embeddable":true,"href":"https:\/\/obscom.intervozes.org.br\/index.php?rest_route=\/wp\/v2\/users\/1"}],"replies":[{"embeddable":true,"href":"https:\/\/obscom.intervozes.org.br\/index.php?rest_route=%2Fwp%2Fv2%2Fcomments&post=27499"}],"version-history":[{"count":1,"href":"https:\/\/obscom.intervozes.org.br\/index.php?rest_route=\/wp\/v2\/posts\/27499\/revisions"}],"predecessor-version":[{"id":28328,"href":"https:\/\/obscom.intervozes.org.br\/index.php?rest_route=\/wp\/v2\/posts\/27499\/revisions\/28328"}],"wp:attachment":[{"href":"https:\/\/obscom.intervozes.org.br\/index.php?rest_route=%2Fwp%2Fv2%2Fmedia&parent=27499"}],"wp:term":[{"taxonomy":"category","embeddable":true,"href":"https:\/\/obscom.intervozes.org.br\/index.php?rest_route=%2Fwp%2Fv2%2Fcategories&post=27499"},{"taxonomy":"post_tag","embeddable":true,"href":"https:\/\/obscom.intervozes.org.br\/index.php?rest_route=%2Fwp%2Fv2%2Ftags&post=27499"}],"curies":[{"name":"wp","href":"https:\/\/api.w.org\/{rel}","templated":true}]}}