{"id":27498,"date":"2013-07-12T11:06:25","date_gmt":"2013-07-12T11:06:25","guid":{"rendered":"https:\/\/obscom.intervozes.org.br\/wordpress\/?p=27498"},"modified":"2013-07-12T11:06:25","modified_gmt":"2013-07-12T11:06:25","slug":"a-reforma-politica-comeca-na-televisao","status":"publish","type":"post","link":"https:\/\/obscom.intervozes.org.br\/?p=27498","title":{"rendered":"A reforma pol\u00edtica come\u00e7a na Televis\u00e3o"},"content":{"rendered":"<p>Muito se fala sobre a crise de representatividade do sistema pol&iacute;tico brasileiro. O debate sobre a reforma pol&iacute;tica ganhou for&ccedil;a e o pa&iacute;s se debru&ccedil;a em propostas de como fazer a popula&ccedil;&atilde;o se sentir novamente parte da pol&iacute;tica, e n&atilde;o mera espectadora. Essa crise de representatividade n&atilde;o atinge apenas a classe pol&iacute;tica. Atinge tamb&eacute;m os meios de comunica&ccedil;&atilde;o de massa. A mudan&ccedil;a brusca de opini&atilde;o, regada a pedidos de desculpas, s&oacute; evidenciou a velha desconfian&ccedil;a: o que sai nas telas, nos auto-falantes e nas folhas de papel jornal soa bem diferente da voz das ruas. A comunica&ccedil;&atilde;o ponto a ponto e cara a cara, promovida pela internet, trouxe a relativiza&ccedil;&atilde;o do intermedi&aacute;rio que, historicamente, sempre falou pelo povo: a grande m&iacute;dia.<\/p>\n<p>A indigna&ccedil;&atilde;o demonstrada nos protestos contra os pol&iacute;ticos foi amplamente difundida pelos notici&aacute;rios. J&aacute; os gritos e cartazes contra emissoras de TV estiveram surdos e invis&iacute;veis nestes ve&iacute;culos. A mesma popula&ccedil;&atilde;o que, talvez, n&atilde;o esteja mais se reconhecendo no sistema pol&iacute;tico atual, certamente, tamb&eacute;m n&atilde;o se v&ecirc; representada na TV.<\/p>\n<p>Se vamos mudar o sistema de representa&ccedil;&atilde;o pol&iacute;tica, temos tamb&eacute;m que mudar o conceito de comunica&ccedil;&atilde;o que considera a popula&ccedil;&atilde;o mera consumidora de informa&ccedil;&atilde;o. Avancemos para um sistema no qual a sociedade possa produzir informa&ccedil;&atilde;o de forma plural e diversa, envolvendo todos os que hoje est&atilde;o de fora.<\/p>\n<p>A reforma pol&iacute;tica e da comunica&ccedil;&atilde;o de massas pode come&ccedil;ar por onde os dois temas se encontram: o Congresso Nacional. Deputados e Senadores brasileiros est&atilde;o proibidos pelo artigo 54 da Constitui&ccedil;&atilde;o Federal de serem propriet&aacute;rios ou diretores de canais de TV e r&aacute;dio. Entretanto, &eacute; grande a lista de congressistas que controlam concess&otilde;es de r&aacute;dio e TV a olhos vistos, sem que haja nenhuma puni&ccedil;&atilde;o por infringir a Constitui&ccedil;&atilde;o.<\/p>\n<p>Quando perguntados, os donos da m&iacute;dia fingem que n&atilde;o ter nada a ver com o assunto. O presidente das organiza&ccedil;&otilde;es Globo, Jo&atilde;o Roberto Marinho, respondeu ao Observat&oacute;rio da Imprensa: &ldquo;Eu imagino que se h&aacute; deputados que s&atilde;o donos de concess&atilde;o, eu acho que est&aacute; errado, mas eu n&atilde;o sei se [existem], realmente&rdquo;. No entanto, Jo&atilde;o Roberto Marinho sabe que a fam&iacute;lia Sarney controla a afiliada da Globo no Maranh&atilde;o. Tamb&eacute;m sabe que o ex-presidente deposto Fernando Collor faz o mesmo em Alagoas.<\/p>\n<p>Os Marinhos sempre tiveram liga&ccedil;&otilde;es estreitas com os governos de plant&atilde;o desde a ditadura militar, mas fazem de tudo para n&atilde;o ter a imagem associada ao que h&aacute; de mais podre na pol&iacute;tica brasileira. A ilegalidade corre solta, com exemplos de uso pol&iacute;tico na distribui&ccedil;&atilde;o das concess&otilde;es de TV. Enquanto isso, as nossas autoridades, simplesmente, fingem que nada acontece. O Congresso segue emitindo concess&otilde;es para os seus pares; o Minist&eacute;rio P&uacute;blico segue sem dar o seu parecer para a A&ccedil;&atilde;o de Descumprimento de Preceito Fundamental movida pelo PSOL (ADPF\/246), e o Governo Federal at&eacute; admite o problema, mas parece n&atilde;o se sentir muito respons&aacute;vel pela situa&ccedil;&atilde;o.<\/p>\n<p>Em janeiro de 2011, o Ministro das Comunica&ccedil;&otilde;es Paulo Bernardo afirmou: &ldquo;A Constitui&ccedil;&atilde;o menciona que pol&iacute;ticos n&atilde;o deveriam ser donos de radiodifus&atilde;o (&hellip;) &Eacute; o Congresso que autoriza as concess&otilde;es. Ent&atilde;o, me parece claro que o congressista n&atilde;o pode ter concess&atilde;o, para n&atilde;o legislar em causa pr&oacute;pria. Os pol&iacute;ticos j&aacute; t&ecirc;m espa&ccedil;o garantido na televis&atilde;o, nos programas eleitorais. E h&aacute; tamb&eacute;m a vantagem nas disputas eleitorais, e o poder pol&iacute;tico e econ&ocirc;mico&rdquo;.<\/p>\n<p>Ora, se o il&iacute;cito &eacute; flagrante e admitido pelo Governo, por que nada &eacute; feito? O Governo se defende ao afirmar que o artigo 223 da Constitui&ccedil;&atilde;o define que uma concess&atilde;o s&oacute; pode ser revogada por decis&atilde;o judicial. O mesmo artigo tamb&eacute;m afirma: &ldquo;Compete ao Poder Executivo outorgar e renovar concess&atilde;o, permiss&atilde;o e autoriza&ccedil;&atilde;o para o servi&ccedil;o de radiodifus&atilde;o&rdquo;.<\/p>\n<p>Se cabe ao Minist&eacute;rio das Comunica&ccedil;&otilde;es a fiscaliza&ccedil;&atilde;o destas concess&otilde;es, ent&atilde;o cabe a ele tamb&eacute;m mover a&ccedil;&atilde;o pedindo a revoga&ccedil;&atilde;o das licen&ccedil;as, ilegalmente concedidas, pelo mesmo Poder Executivo e autorizadas pelo Congresso. Outros ainda v&atilde;o dizer que n&atilde;o &eacute; f&aacute;cil detectar a ilegalidade, pois as empresas est&atilde;o em nomes de parentes. E os casos que j&aacute; constam no pr&oacute;prio site da Anatel? Como o de Jader Barbalho, que controla a afiliada do Grupo Bandeirante, no Par&aacute;? Ou Agripino Maia, dono da afiliada da TV Record no Rio Grande do Norte?<\/p>\n<p>A promiscuidade entre meios de comunica&ccedil;&atilde;o e pol&iacute;tica &eacute; um dos pilares que sustenta o sistema no qual a popula&ccedil;&atilde;o n&atilde;o se reconhece mais. Estamos cansados de assistir a esse jogo de poder, que ignora a pr&oacute;pria lei. Resolvemos ir &agrave;s ruas dizer o que pensamos. No dia de hoje, a Rede Globo vai receber na sua porta, em v&aacute;rias cidades do pa&iacute;s, manifesta&ccedil;&otilde;es contra o monop&oacute;lio e por uma m&iacute;dia democr&aacute;tica.<\/p>\n<p>A reforma agr&aacute;ria do ar brasileiro precisa ser feita e ela tem que come&ccedil;ar no Congresso para ser conclu&iacute;da com o fim do monop&oacute;lio.<\/p>\n<p><em>*Pedro Ekman &eacute; coordenador do Intervozes e integrante da Executiva do F&oacute;rum Nacional pela Democratiza&ccedil;&atilde;o da Comunica&ccedil;&atilde;o<\/em><\/p>\n","protected":false},"excerpt":{"rendered":"<p>A popula&ccedil;&atilde;o que n&atilde;o se reconhece no sistema pol&iacute;tico atual, certamente, tamb&eacute;m n&atilde;o se v&ecirc; representada na TV. A reforma pol&iacute;tica e da comunica&ccedil;&atilde;o come&ccedil;a proibindo a posse dos meios por pol&iacute;ticos.<\/p>\n","protected":false},"author":1,"featured_media":0,"comment_status":"open","ping_status":"open","sticky":false,"template":"","format":"standard","meta":{"footnotes":""},"categories":[42],"tags":[1772],"_links":{"self":[{"href":"https:\/\/obscom.intervozes.org.br\/index.php?rest_route=\/wp\/v2\/posts\/27498"}],"collection":[{"href":"https:\/\/obscom.intervozes.org.br\/index.php?rest_route=\/wp\/v2\/posts"}],"about":[{"href":"https:\/\/obscom.intervozes.org.br\/index.php?rest_route=\/wp\/v2\/types\/post"}],"author":[{"embeddable":true,"href":"https:\/\/obscom.intervozes.org.br\/index.php?rest_route=\/wp\/v2\/users\/1"}],"replies":[{"embeddable":true,"href":"https:\/\/obscom.intervozes.org.br\/index.php?rest_route=%2Fwp%2Fv2%2Fcomments&post=27498"}],"version-history":[{"count":0,"href":"https:\/\/obscom.intervozes.org.br\/index.php?rest_route=\/wp\/v2\/posts\/27498\/revisions"}],"wp:attachment":[{"href":"https:\/\/obscom.intervozes.org.br\/index.php?rest_route=%2Fwp%2Fv2%2Fmedia&parent=27498"}],"wp:term":[{"taxonomy":"category","embeddable":true,"href":"https:\/\/obscom.intervozes.org.br\/index.php?rest_route=%2Fwp%2Fv2%2Fcategories&post=27498"},{"taxonomy":"post_tag","embeddable":true,"href":"https:\/\/obscom.intervozes.org.br\/index.php?rest_route=%2Fwp%2Fv2%2Ftags&post=27498"}],"curies":[{"name":"wp","href":"https:\/\/api.w.org\/{rel}","templated":true}]}}