{"id":27496,"date":"2013-07-11T12:38:52","date_gmt":"2013-07-11T12:38:52","guid":{"rendered":"https:\/\/obscom.intervozes.org.br\/wordpress\/?p=27496"},"modified":"2014-09-07T03:03:14","modified_gmt":"2014-09-07T03:03:14","slug":"pesquisadores-identificam-problemas-no-uso-politico-de-concessoes-de-radiodifusao","status":"publish","type":"post","link":"https:\/\/obscom.intervozes.org.br\/?p=27496","title":{"rendered":"Pesquisadores identificam problemas no uso pol\u00edtico de concess\u00f5es de radiodifus\u00e3o"},"content":{"rendered":"<p>As distor&ccedil;&otilde;es em rela&ccedil;&atilde;o aos usos pol&iacute;ticos das concess&otilde;es p&uacute;blicas de radiodifus&atilde;o t&ecirc;m sido objeto de pesquisa nas universidades brasileira j&aacute; h&aacute; algum tempo. Pesquisadores apontam problemas desde a distribui&ccedil;&atilde;o das outorgas at&eacute; as rela&ccedil;&otilde;es entre &ldquo;cabe&ccedil;as-de-rede&rdquo; e afiliadas, passando pelos danos infligidos aos princ&iacute;pios que regem a Constitui&ccedil;&atilde;o de 1988.<\/p>\n<p>Em sua disserta&ccedil;&atilde;o de mestrado defendida no Instituto de Ci&ecirc;ncia Pol&iacute;tica da Universidade de Bras&iacute;lia (UnB), em 1994, que se tornou um dos estudos mais conhecidos sobre pol&iacute;tica e comunica&ccedil;&atilde;o no Brasil, Paulino Motter mostrou como concess&otilde;es p&uacute;blicas de radiodifus&atilde;o foram trocadas por votos em quest&otilde;es importantes durante a elabora&ccedil;&atilde;o da Constitui&ccedil;&atilde;o de 1988. Dos 91 deputados constituintes que receberam emissoras, por exemplo, 82 (90,1%) teriam votado a favor do mandato presidencial de cinco anos de Jos&eacute; Sarney. <\/p>\n<p>O estudo de Motter revela, assim, a exist&ecirc;ncia de uma l&oacute;gica de distribui&ccedil;&atilde;o de outorgas que n&atilde;o obedeceria necessariamente princ&iacute;pios constitucionais e o &ldquo;interesse geral&rdquo;, horizonte do sistema democr&aacute;tico. As concess&otilde;es segueriam em grande medida a crit&eacute;rios relativos a interesses particulares imediatos, afinidade pol&iacute;tico-ideol&oacute;gica ou v&iacute;nculos pessoais, desconsiderando o cumprimento dos fundamentos que regem a Consitui&ccedil;&atilde;o Federal.<\/p>\n<p>Professora da Escola de Comunica&ccedil;&atilde;o da Universidade Federal do Rio de Janeiro (UFRJ), Suzy Santos se dedica a pesquisar as rela&ccedil;&otilde;es entre o empresariado nacional de comunica&ccedil;&atilde;o e as elites pol&iacute;ticas locais. Em suas investiga&ccedil;&otilde;es, aponta que &ldquo;esta alian&ccedil;a garante aos vereadores, prefeitos, governadores, deputados ou senadores, propriet&aacute;rios de televis&atilde;o aberta, a oferta de programa&ccedil;&atilde;o &ndash; e, conseq&uuml;entemente, garante a audi&ecirc;ncia &ndash; sem despender muitos recursos e, por outro lado, garante a m&aacute;quina p&uacute;blica atuando de acordo com os interesses das grandes redes nacionais&rdquo;. Essas rela&ccedil;&otilde;es funcionariam inclusive como obst&aacute;culo para a participa&ccedil;&atilde;o de empresas internacionais no cen&aacute;rio nacional, mantendo o controle direto nas m&atilde;os de uma burguesia nacional (ainda que n&atilde;o seja necessariamente nacionalista).<\/p>\n<p>Para Santos, a afilia&ccedil;&atilde;o de grupos pol&iacute;ticos locais &agrave;s grandes emissoras garantiria, al&eacute;m da amplia&ccedil;&atilde;o da distribui&ccedil;&atilde;o do sinal de uma rede, a influ&ecirc;ncia pol&iacute;tica do empresariado de radiodifus&atilde;o (centralizado pelas &ldquo;cabe&ccedil;as-de-rede&rdquo;) no ambiente legislativo. &ldquo;&Eacute; na C&acirc;mara dos Deputados e no Senado Federal que se estrutura a rede de clientelismo e apadrinhamento compositiva do coronelismo eletr&ocirc;nico. Deputados e senadores propriet&aacute;rios ou s&oacute;cios de propriet&aacute;rios de r&aacute;dio e televis&atilde;o votam as pr&oacute;prias concess&otilde;es e estabelecem uma intensa rede de favores. Por outro lado, ve&iacute;culos de comunica&ccedil;&atilde;o &ndash; pr&oacute;prios ou associados &#8211; s&atilde;o financiadores das campanhas eleitorais destes mesmos deputados e senadores, retroalimentando o sistema&rdquo;, afirma.<\/p>\n<p>De acordo com o professor Ven&iacute;cio Lima, fundador do N&uacute;cleo de Estudos sobre M&iacute;dia e Pol&iacute;tica da Universidade de Bras&iacute;lia (UnB), n&atilde;o se pode separar em uma an&aacute;lise a comunica&ccedil;&atilde;o e a pol&iacute;tica. Essa rela&ccedil;&atilde;o direta e org&acirc;nica perpassaria todas as fases do processo democr&aacute;tico, assim como faz compreender a &ldquo;organicidade&rdquo; das grandes empresas de comunica&ccedil;&atilde;o com a pol&iacute;tica e as pol&iacute;ticas de Estado que definem os padr&otilde;es institucionais que conformam &ldquo;sistemas de comunica&ccedil;&atilde;o predominantes p&uacute;blicos ou privados mercantis, incentivando ou limitando a concentra&ccedil;&atilde;o de propriedade, concentrando ou distribuindo verbas de publicidade, regulando ou desregulando o exerc&iacute;cio da comunica&ccedil;&atilde;o&rdquo;.<\/p>\n<p>Todavia, no Brasil, ainda para esses pesquisadores, a contradi&ccedil;&atilde;o entre &ldquo;um sistema de comunica&ccedil;&otilde;es moderno consolidado na ditadura e as condi&ccedil;&otilde;es b&aacute;sicas da forma&ccedil;&atilde;o de uma opini&atilde;o p&uacute;blica democr&aacute;tica&rdquo; foi transmitida para os dias atuais sob a forma de um impasse constitucional. &ldquo;Se a Constitui&ccedil;&atilde;o Federal fundamenta princ&iacute;pios democr&aacute;ticos de rela&ccedil;&atilde;o entre m&iacute;dia e democracia, tem at&eacute; agora prevalecido a resist&ecirc;ncia, formada pelos interesses empresariais na comunica&ccedil;&atilde;o e seus lobbies pol&iacute;ticos, a qualquer regula&ccedil;&atilde;o democr&aacute;tica e pluralista do setor&rdquo;, afirmam. Assim, destaca-se no Brasil o uso pol&iacute;tico dos meios de comunica&ccedil;&atilde;o privados e das rela&ccedil;&otilde;es de influ&ecirc;ncia no parlamento por parte do empresariado para bloquear a efetiva participa&ccedil;&atilde;o democr&aacute;tica na esfera p&uacute;blica.<\/p>\n<p>Leia mais: <a href=\"http:\/\/localhost\/intervozes_direitoacomunicacao\/wordpress\/?p=27494\">Combate a uso pol&iacute;tico de concess&otilde;es pode ser estrat&eacute;gia de democratiza&ccedil;&atilde;o <\/a> <\/p>\n","protected":false},"excerpt":{"rendered":"<p>As distor&ccedil;&otilde;es com que s&atilde;o tratadas as concess&otilde;es p&uacute;blicas de radiodifus&atilde;o no Brasil s&atilde;o objeto de aten&ccedil;&atilde;o e cr&iacute;tica por parte de pesquisadores nas universidades<\/p>\n","protected":false},"author":1,"featured_media":0,"comment_status":"open","ping_status":"open","sticky":false,"template":"","format":"standard","meta":{"footnotes":""},"categories":[40],"tags":[1773],"_links":{"self":[{"href":"https:\/\/obscom.intervozes.org.br\/index.php?rest_route=\/wp\/v2\/posts\/27496"}],"collection":[{"href":"https:\/\/obscom.intervozes.org.br\/index.php?rest_route=\/wp\/v2\/posts"}],"about":[{"href":"https:\/\/obscom.intervozes.org.br\/index.php?rest_route=\/wp\/v2\/types\/post"}],"author":[{"embeddable":true,"href":"https:\/\/obscom.intervozes.org.br\/index.php?rest_route=\/wp\/v2\/users\/1"}],"replies":[{"embeddable":true,"href":"https:\/\/obscom.intervozes.org.br\/index.php?rest_route=%2Fwp%2Fv2%2Fcomments&post=27496"}],"version-history":[{"count":1,"href":"https:\/\/obscom.intervozes.org.br\/index.php?rest_route=\/wp\/v2\/posts\/27496\/revisions"}],"predecessor-version":[{"id":28327,"href":"https:\/\/obscom.intervozes.org.br\/index.php?rest_route=\/wp\/v2\/posts\/27496\/revisions\/28327"}],"wp:attachment":[{"href":"https:\/\/obscom.intervozes.org.br\/index.php?rest_route=%2Fwp%2Fv2%2Fmedia&parent=27496"}],"wp:term":[{"taxonomy":"category","embeddable":true,"href":"https:\/\/obscom.intervozes.org.br\/index.php?rest_route=%2Fwp%2Fv2%2Fcategories&post=27496"},{"taxonomy":"post_tag","embeddable":true,"href":"https:\/\/obscom.intervozes.org.br\/index.php?rest_route=%2Fwp%2Fv2%2Ftags&post=27496"}],"curies":[{"name":"wp","href":"https:\/\/api.w.org\/{rel}","templated":true}]}}