{"id":27494,"date":"2013-07-10T19:03:15","date_gmt":"2013-07-10T19:03:15","guid":{"rendered":"https:\/\/obscom.intervozes.org.br\/wordpress\/?p=27494"},"modified":"2014-09-07T03:03:13","modified_gmt":"2014-09-07T03:03:13","slug":"combate-a-uso-politico-de-concessoes-pode-ser-estrategia-de-democratizacao","status":"publish","type":"post","link":"https:\/\/obscom.intervozes.org.br\/?p=27494","title":{"rendered":"Combate a uso pol\u00edtico de concess\u00f5es pode ser estrat\u00e9gia de democratiza\u00e7\u00e3o"},"content":{"rendered":"<p>A presidenta Dilma Roussef prop&ocirc;s, no dia 24 de junho, em resposta &agrave;s manifesta&ccedil;&otilde;es das ruas &ldquo;cinco pactos em favor do Brasil&rdquo;. Entretanto, as cr&iacute;ticas ao oligop&oacute;lio dos meios de comunica&ccedil;&atilde;o e &agrave; manipula&ccedil;&atilde;o das informa&ccedil;&otilde;es pela grande m&iacute;dia observadas nos grandes atos p&uacute;blicos foram ignoradas pelo governo federal. Uma proposta, por&eacute;m, visa a realiza&ccedil;&atilde;o de um plebiscito para uma reforma pol&iacute;tica e o movimento que luta pela democratiza&ccedil;&atilde;o pela comunica&ccedil;&atilde;o tem se deparado com distor&ccedil;&otilde;es relacionadas ao uso pol&iacute;tico dos meios de radiodifus&atilde;o. Observados ao longo da hist&oacute;ria pela sociedade brasileira, tais usos t&ecirc;m sido analisados tamb&eacute;m, j&aacute; h&aacute; algum tempo, por pesquisadores nas universidades.<\/p>\n<p>Na assembl&eacute;ia popular tem&aacute;tica realizada em S&atilde;o Paulo no dia 3, os manifestantes elegeram a proibi&ccedil;&atilde;o da outorga de concess&otilde;es de radiodifus&atilde;o a parlamentares um dos eixos importantes de atua&ccedil;&atilde;o. A batalh, por&eacute;m, n&atilde;o &eacute; nova.<\/p>\n<p><strong>Combate ao favorecimento pol&iacute;tico<\/strong><\/p>\n<p>Por vezes j&aacute; houve iniciativas de se tentar impedir distor&ccedil;&otilde;es que vinculam o uso das concess&otilde;es p&uacute;blicas de radiodifus&atilde;o e os pol&iacute;ticos. Em dezembro de 2008, uma subcomiss&atilde;o especial da Comiss&atilde;o de Ci&ecirc;ncia e Tecnologia da C&acirc;mara criada dois anos antes e presidida pela deputada Luiz Erundina (PSB-SP) aprovou a sugest&atilde;o de uma Proposta de Emenda &agrave; Constitui&ccedil;&atilde;o (PEC), na qual se especificava a proibi&ccedil;&atilde;o que pessoas com mandato eletivo fossem donas de emissoras de r&aacute;dio e TV, baseada no artigo 54 da Constitui&ccedil;&atilde;o de 1988. A iniciativa n&atilde;o vingou.<\/p>\n<p>Em abril de 2009, a mesma comiss&atilde;o votou parecer favor&aacute;vel ao relat&oacute;rio do senador Pedro Simon (PMDB-RS) &agrave; &ldquo;rejei&ccedil;&atilde;o do ato de outorga ou renova&ccedil;&atilde;o de concess&atilde;o, permiss&atilde;o ou autoriza&ccedil;&atilde;o para a explora&ccedil;&atilde;o de servi&ccedil;o de radiodifus&atilde;o&rdquo; a parlamentares, assim como a proibi&ccedil;&atilde;o de que estes sejam propriet&aacute;rios, diretores ou controladores dessas empresas.<\/p>\n<p>Outra tentativa que ainda se encontra em processo foi a a&ccedil;&atilde;o judicial, denominada Argui&ccedil;&atilde;o de Descumprimento de Preceito Fundamental (ADPF), produzida em parceria com o Intervozes e movida pelo PSOL (Partido Socialismo e Liberdade) junto ao Supremo Tribunal Federal (STF) em dezembro de 2011. De acordo com o texto do documento, verificou-se que &ldquo;h&aacute; evid&ecirc;ncias concretas, relatadas pela imprensa e pela literatura acad&ecirc;mica, do uso da radiodifus&atilde;o para o favorecimento de pol&iacute;ticos ligados &agrave;s pessoas jur&iacute;dicas que controlam as outorgas&rdquo;. <\/p>\n<p>Desde abril de&nbsp; 2012, uma medida cautelar que acompanha a a&ccedil;&atilde;o principal da ADPF e determina que o governo imediatamente n&atilde;o conceda mais outorgas a parlamentares aguarda o parecer do Minist&eacute;rio P&uacute;blico Federal para ser julgada pelo STF.<\/p>\n<p>Conforme o levantamento que consta na ADPF, naquele ano 41 deputados e sete senadores s&oacute;cios ou associados de pessoas jur&iacute;dicas outorgadas de radiodifus&atilde;o. Se considerados parentes em primeiro grau e participa&ccedil;&otilde;es indiretas, esse n&uacute;mero chegava a 52 deputados e 21 senadores. Na legislatura anterior (2007-2010), 20 dos 81 senadores (24,69% da casa) e 48 dos 513 deputados federais (9,35% da casa) eram propriet&aacute;rios de emissoras de r&aacute;dio ou TV.<\/p>\n<p>Foram identificados, ainda no documento, tr&ecirc;s tipos de uso pol&iacute;tico: (1) a outorga de concess&otilde;es, permiss&otilde;es e autoriza&ccedil;&otilde;es de radiodifus&atilde;o como forma de obter apoio pol&iacute;tico (moeda de barganha), (2) a utiliza&ccedil;&atilde;o da outorga pelos concession&aacute;rios, permission&aacute;rios e autorizat&aacute;rios para influenciar a opini&atilde;o p&uacute;blica a favor de seus s&oacute;cios, associados e correligion&aacute;rios e (3) a utiliza&ccedil;&atilde;o do poder parlamentar para obter ou renovar outorgas pr&oacute;prias.<\/p>\n<p>De acordo com Br&aacute;ulio Ara&uacute;jo, advogado que elaborou a ADPF, &ldquo;&quot;no artigo 54 da Constitui&ccedil;&atilde;o h&aacute; uma proibi&ccedil;&atilde;o expressa ao controle de outorga de radiodifus&atilde;o por pol&iacute;ticos com mandato eletivo. Essa proibi&ccedil;&atilde;o independe de regulamenta&ccedil;&atilde;o &#8211; existe e &eacute; plenamente aplic&aacute;vel. Nada impede, n&atilde;o obstante, que essa proibi&ccedil;&atilde;o seja reiterada pela legisla&ccedil;&atilde;o infraconstitucional que regulamenta o setor. Uma medida como essa poderia contribuir para efetivar a norma constitucional, que atualmente vem sendo descumprida.&quot;.<\/p>\n<p>Leia mais: <a href=\"http:\/\/localhost\/intervozes_direitoacomunicacao\/wordpress\/?p=27496\">Pesquisadores identificam problemas no uso pol&iacute;tico de concess&otilde;es de radiodifus&atilde;o <\/a> <\/p>\n","protected":false},"excerpt":{"rendered":"<p>As respostas oferecidas pelo governo federal para as manifesta&ccedil;&otilde;es nas ruas desconsideraram as cr&iacute;ticas &agrave; m&iacute;dia. Hist&oacute;rico de luta contra o uso pol&iacute;tico das concess&otilde;es pode dar subs&iacute;dios para reforma pol&iacute;tica.<\/p>\n","protected":false},"author":1,"featured_media":0,"comment_status":"open","ping_status":"open","sticky":false,"template":"","format":"standard","meta":{"footnotes":""},"categories":[40],"tags":[1773],"_links":{"self":[{"href":"https:\/\/obscom.intervozes.org.br\/index.php?rest_route=\/wp\/v2\/posts\/27494"}],"collection":[{"href":"https:\/\/obscom.intervozes.org.br\/index.php?rest_route=\/wp\/v2\/posts"}],"about":[{"href":"https:\/\/obscom.intervozes.org.br\/index.php?rest_route=\/wp\/v2\/types\/post"}],"author":[{"embeddable":true,"href":"https:\/\/obscom.intervozes.org.br\/index.php?rest_route=\/wp\/v2\/users\/1"}],"replies":[{"embeddable":true,"href":"https:\/\/obscom.intervozes.org.br\/index.php?rest_route=%2Fwp%2Fv2%2Fcomments&post=27494"}],"version-history":[{"count":1,"href":"https:\/\/obscom.intervozes.org.br\/index.php?rest_route=\/wp\/v2\/posts\/27494\/revisions"}],"predecessor-version":[{"id":28326,"href":"https:\/\/obscom.intervozes.org.br\/index.php?rest_route=\/wp\/v2\/posts\/27494\/revisions\/28326"}],"wp:attachment":[{"href":"https:\/\/obscom.intervozes.org.br\/index.php?rest_route=%2Fwp%2Fv2%2Fmedia&parent=27494"}],"wp:term":[{"taxonomy":"category","embeddable":true,"href":"https:\/\/obscom.intervozes.org.br\/index.php?rest_route=%2Fwp%2Fv2%2Fcategories&post=27494"},{"taxonomy":"post_tag","embeddable":true,"href":"https:\/\/obscom.intervozes.org.br\/index.php?rest_route=%2Fwp%2Fv2%2Ftags&post=27494"}],"curies":[{"name":"wp","href":"https:\/\/api.w.org\/{rel}","templated":true}]}}