{"id":27493,"date":"2013-07-08T14:31:16","date_gmt":"2013-07-08T14:31:16","guid":{"rendered":"https:\/\/obscom.intervozes.org.br\/wordpress\/?p=27493"},"modified":"2013-07-08T14:31:16","modified_gmt":"2013-07-08T14:31:16","slug":"comunicacao-e-pauta-de-protestos-mas-nao-do-governo","status":"publish","type":"post","link":"https:\/\/obscom.intervozes.org.br\/?p=27493","title":{"rendered":"Comunica\u00e7\u00e3o \u00e9 pauta de protestos, mas n\u00e3o do governo"},"content":{"rendered":"<p>Nesta quarta-feira (3), em S&atilde;o Paulo, Rio de Janeiro e Fortaleza, centenas de pessoas foram &agrave;s ruas protestar contra a Rede Globo. Movidas inicialmente pela cr&iacute;tica &agrave; cobertura da m&iacute;dia acerca das manifesta&ccedil;&otilde;es de junho, elas cobraram mais diversidade e a efetiva&ccedil;&atilde;o de pol&iacute;ticas que ampliem as vozes que circulam na esfera p&uacute;blica midi&aacute;tica.<\/p>\n<p>Apesar das cr&iacute;ticas &agrave; m&iacute;dia, o Governo Federal mant&eacute;m-se calado quando o assunto &eacute; a democratiza&ccedil;&atilde;o da comunica&ccedil;&atilde;o. Os cinco pactos lan&ccedil;ados pela Presidenta Dilma Rousseff &ndash; equil&iacute;brio fiscal, mobilidade urbana, sa&uacute;de, educa&ccedil;&atilde;o e Reforma Pol&iacute;tica &ndash; em nada interferem na brutal concentra&ccedil;&atilde;o que marca o sistema midi&aacute;tico brasileiro. J&aacute; ao anunciar outras medidas, nesta segunda-feira, ap&oacute;s reuni&atilde;o com a equipe ministerial, mais uma vez a Presidenta se furtou a colocar as m&atilde;os no vespeiro dos grandes meios de comunica&ccedil;&atilde;o de massa.<\/p>\n<p>Os bastidores do encontro e uma breve an&aacute;lise das pol&iacute;ticas adotadas mostram os motivos desse sil&ecirc;ncio. Segundo a Folha de S. Paulo, o ministro das Comunica&ccedil;&otilde;es, Paulo Bernardo, teria dito na reuni&atilde;o com Dilma que n&atilde;o &eacute; hora de se travar uma discuss&atilde;o sobre a regula&ccedil;&atilde;o da m&iacute;dia. J&aacute; para a revista Veja, em entrevista &agrave;s p&aacute;ginas amarelas concedida em meio ao furac&atilde;o de protestos que tomou o Brasil, Bernardo fez coro com aqueles que igualam a regula&ccedil;&atilde;o da m&iacute;dia &agrave; censura, deixando claro com quem busca dialogar efetivamente.<\/p>\n<p>As declara&ccedil;&otilde;es, contudo, apenas refor&ccedil;am uma op&ccedil;&atilde;o pol&iacute;tica que, na pr&aacute;tica, tem se mostrado bastante conservadora. N&atilde;o por acaso, foi deste governo que veio a desonera&ccedil;&atilde;o de R$ 6 bilh&otilde;es para as empresas de telecomunica&ccedil;&otilde;es, bem como a proposta de entregar &agrave; iniciativa privada os bens revers&iacute;veis do processo de privatiza&ccedil;&atilde;o das telecomunica&ccedil;&otilde;es &ndash; um consider&aacute;vel patrim&ocirc;nio p&uacute;blico &ndash;, em troca do desenvolvimento de infraestrutura tamb&eacute;m privada. A pol&iacute;tica s&oacute; foi desencorajada ap&oacute;s protestos dos movimentos que debatem o tema, em especial da campanha &ldquo;Banda Larga &eacute; um direito seu!&rdquo;.<\/p>\n<p>As poucas iniciativas do Minist&eacute;rio das Comunica&ccedil;&otilde;es em termos de regula&ccedil;&atilde;o do setor n&atilde;o passam de mudan&ccedil;as administrativas fragmentadas. No campo das r&aacute;dios comunit&aacute;rias, por exemplo, elas n&atilde;o apenas s&atilde;o incapazes de mudar a realidade como, ao contr&aacute;rio, podem se tornar ainda mais restritivas ao exerc&iacute;cio da liberdade de express&atilde;o. Em abril, a portaria 112 manteve puni&ccedil;&otilde;es severas para o setor comunit&aacute;rio enquanto reduziu as san&ccedil;&otilde;es, para as emissoras comerciais, a um limite de R$ 80 mil em multas, mesmo diante de infra&ccedil;&otilde;es grav&iacute;ssimas. O valor, irris&oacute;rio frente aos vultosos lucros das empresas, pode ser considerado um incentivo ao desrespeito &agrave;s normas em vigor.<\/p>\n<p>Outras mudan&ccedil;as est&atilde;o sendo levadas a cabo com pouco ou nenhum debate p&uacute;blico. A op&ccedil;&atilde;o do Minist&eacute;rio das Comunica&ccedil;&otilde;es tem sido dialogar prioritariamente com os interesses empresariais, colocando em risco a sobreviv&ecirc;ncia das emissoras do campo p&uacute;blico e comunit&aacute;rio. Enquanto o governo pretende, por exemplo, liberar a faixa dos 700MHz para a banda larga m&oacute;vel, favorecendo as teles, emissoras como a TV Senado, TV C&acirc;mara, emissoras educativas e, inclusive, a TV Brasil correm o risco de ficar sem espa&ccedil;o no espectro com o fim das transmiss&otilde;es anal&oacute;gicas.<\/p>\n<p>Os exemplos deixam claro que a postura do Minist&eacute;rio das Comunica&ccedil;&otilde;es diante da demanda de abertura de um debate p&uacute;blico sobre a regulamenta&ccedil;&atilde;o das comunica&ccedil;&otilde;es n&atilde;o &eacute; novidade. Paulo Bernardo h&aacute; tempos escolheu alinhar-se aos interesses comerciais, frustrando aqueles que imaginavam que um primeiro ministro do Partido dos Trabalhadores &agrave; frente da pasta seria capaz de comprar enfrentamentos neste campo. Tendo em vista o per&iacute;odo de mudan&ccedil;as que vivenciamos, resta saber se os ventos que sacudiram prefeituras, governos estaduais e mesmo o Governo Federal ser&atilde;o capazes de redirecionar tamb&eacute;m as pol&iacute;ticas de comunica&ccedil;&atilde;o. Estas, at&eacute; agora, infelizmente, continuam fora da pauta apresentada como resposta &agrave;s reivindica&ccedil;&otilde;es populares.<\/p>\n<p><em>*Helena Martins &eacute; jornalista, editora da TV Brasil e mestra em Comunica&ccedil;&atilde;o Social pela Universidade Federal do Cear&aacute;<\/em><\/p>\n","protected":false},"excerpt":{"rendered":"<p>Nesta quarta-feira, manifestantes foram &agrave; porta da TV Globo em 3 capitais; apesar das cr&iacute;ticas, n&atilde;o h&aacute; proposta do governo para a democratiza&ccedil;&atilde;o das comunica&ccedil;&otilde;es<\/p>\n","protected":false},"author":1,"featured_media":0,"comment_status":"open","ping_status":"open","sticky":false,"template":"","format":"standard","meta":{"footnotes":""},"categories":[42],"tags":[1772],"_links":{"self":[{"href":"https:\/\/obscom.intervozes.org.br\/index.php?rest_route=\/wp\/v2\/posts\/27493"}],"collection":[{"href":"https:\/\/obscom.intervozes.org.br\/index.php?rest_route=\/wp\/v2\/posts"}],"about":[{"href":"https:\/\/obscom.intervozes.org.br\/index.php?rest_route=\/wp\/v2\/types\/post"}],"author":[{"embeddable":true,"href":"https:\/\/obscom.intervozes.org.br\/index.php?rest_route=\/wp\/v2\/users\/1"}],"replies":[{"embeddable":true,"href":"https:\/\/obscom.intervozes.org.br\/index.php?rest_route=%2Fwp%2Fv2%2Fcomments&post=27493"}],"version-history":[{"count":0,"href":"https:\/\/obscom.intervozes.org.br\/index.php?rest_route=\/wp\/v2\/posts\/27493\/revisions"}],"wp:attachment":[{"href":"https:\/\/obscom.intervozes.org.br\/index.php?rest_route=%2Fwp%2Fv2%2Fmedia&parent=27493"}],"wp:term":[{"taxonomy":"category","embeddable":true,"href":"https:\/\/obscom.intervozes.org.br\/index.php?rest_route=%2Fwp%2Fv2%2Fcategories&post=27493"},{"taxonomy":"post_tag","embeddable":true,"href":"https:\/\/obscom.intervozes.org.br\/index.php?rest_route=%2Fwp%2Fv2%2Ftags&post=27493"}],"curies":[{"name":"wp","href":"https:\/\/api.w.org\/{rel}","templated":true}]}}