{"id":27491,"date":"2013-07-04T15:46:05","date_gmt":"2013-07-04T15:46:05","guid":{"rendered":"https:\/\/obscom.intervozes.org.br\/wordpress\/?p=27491"},"modified":"2013-07-04T15:46:05","modified_gmt":"2013-07-04T15:46:05","slug":"tipificar-manifestantes-e-preciso-democracia-nao-e-preciso","status":"publish","type":"post","link":"https:\/\/obscom.intervozes.org.br\/?p=27491","title":{"rendered":"Tipificar manifestantes \u00e9 preciso, democracia n\u00e3o \u00e9 preciso?"},"content":{"rendered":"<p>&ldquo;Uma minoria de v&acirc;ndalos&rdquo; muda os contornos dos &ldquo;atos pac&iacute;ficos&rdquo; que brotam por todo o Brasil. Tal interpreta&ccedil;&atilde;o se tornou a vedete dos notici&aacute;rios mais vistos e lidos do pa&iacute;s, animados pelas cenas de destrui&ccedil;&atilde;o e pirotecnia. A suposta contraposi&ccedil;&atilde;o entre &ldquo;pac&iacute;ficos&rdquo; e &ldquo;baderneiros&rdquo;, fomentada pela m&iacute;dia brasileira, passou a ser a principal estrat&eacute;gia que a elite conservadora encontrou para poder continuar fazendo seu chamado &agrave; ordem, depois que manifesta&ccedil;&otilde;es inicialmente contra o aumento das passagens do transporte p&uacute;blico tomaram propor&ccedil;&otilde;es inesperadas.<\/p>\n<p>No passado, os Marinho sentiram na pr&oacute;pria pele o que significa tentar ignorar grandes atos p&uacute;blicos. Na d&eacute;cada de 80, o &ldquo;doutor Roberto&rdquo; n&atilde;o permitiu que as massivas manifesta&ccedil;&otilde;es a favor de elei&ccedil;&otilde;es diretas para presidente fossem ao ar. &ldquo;O presidente das Organiza&ccedil;&otilde;es Globo temia que uma ampla cobertura da televis&atilde;o pudesse se tornar um fator de inquieta&ccedil;&atilde;o nacional&rdquo;, conforme justifica a empresa, em mea culpa que se encontra hoje<a href=\"http:\/\/memoriaglobo.globo.com\/Memoriaglobo\/0,27723,5270-p-21751,00.html\"> na p&aacute;gina da emissora<\/a> . Resultado: o Brasil cantou a palavra de ordem, ouvida ainda hoje nos atos p&uacute;blicos, &ldquo;o povo n&atilde;o &eacute; bobo, abaixo a Rede Globo&rdquo; .<\/p>\n<p>O oligop&oacute;lio brasileiro da m&iacute;dia compreendeu que n&atilde;o poderia enfrentar grandes manifesta&ccedil;&otilde;es p&uacute;blicas &ldquo;de frente&rdquo;, sob o risco de perder credibilidade. Optou por seguir as tradicionais receitas de guerra que recomendam dividir para conquistar. E nem precisou se desfazer de seu discurso conservador e manique&iacute;sta. &ldquo;Pac&iacute;ficos&rdquo; versus &ldquo;v&acirc;ndalos&rdquo; ganhou legitimidade junto a setores que participam das mobiliza&ccedil;&otilde;es, provavelmente com pouca experi&ecirc;ncia em atos de rua, mas com muita ojeriza &agrave; destrui&ccedil;&atilde;o de patrim&ocirc;nio (seja ele privado ou p&uacute;blico).<\/p>\n<p>L&ecirc;-se, nos notici&aacute;rios, sobre &ldquo;excessos&rdquo; da pol&iacute;cia na repress&atilde;o &agrave;s manifesta&ccedil;&otilde;es, tratados como&nbsp; acidente de percurso ou exclusivos de setores degenerados dentro da corpora&ccedil;&atilde;o. O foco, contudo, &eacute; outro: a denominada &ldquo;minoria de v&acirc;ndalos&rdquo;. Com holofotes sobre cenas de viol&ecirc;ncia, repetidas &agrave; exaust&atilde;o, incita-se o clima de terror, arma conhecida do velho totalitarismo. Alimenta-se, assim, a criminaliza&ccedil;&atilde;o que legitima a viol&ecirc;ncia policial, assim como o sentimento de &ldquo;terror&rdquo;, que encontra repercuss&atilde;o em propostas como a da &ldquo;lei antiterrorismo&rdquo; ou mesmo na que torna a corrup&ccedil;&atilde;o um crime hediondo. <\/p>\n<p>O discurso conservador e quase &uacute;nico dos meios de comunica&ccedil;&atilde;o brasileiros, que emba&ccedil;a qualquer tentativa de vis&atilde;o mais aprofundada dos complexos acontecimentos que v&ecirc;m se espalhando pelo pa&iacute;s, est&aacute; assentado na concentra&ccedil;&atilde;o que caracteriza o sistema midi&aacute;tico brasileiro e no car&aacute;ter da elite pol&iacute;tico-econ&ocirc;mica que controla esses meios. As respostas a esse cen&aacute;rio, contudo, tamb&eacute;m s&atilde;o vistas nas ruas. Desde abril, a campanha &quot;Para Expressar a Liberdade&quot;, encabe&ccedil;ada pelo F&oacute;rum Nacional pela Democratiza&ccedil;&atilde;o da Comunica&ccedil;&atilde;o, coleta assinaturas de apoio ao projeto de Lei da M&iacute;dia Democr&aacute;tica. Nos protestos, a democratiza&ccedil;&atilde;o da comunica&ccedil;&atilde;o tamb&eacute;m &eacute; apontada como parte das reivindica&ccedil;&otilde;es. O objetivo &eacute; ampliar a diversidade de discursos, garantindo a efetiva&ccedil;&atilde;o do direito humano &agrave; comunica&ccedil;&atilde;o. <\/p>\n<p>O que a cobertura midi&aacute;tica e as palavras de ordem entoadas pelos manifestantes deixam claro &eacute; que &eacute; preciso enfrentar as mistifica&ccedil;&otilde;es e criminaliza&ccedil;&otilde;es que bloqueiam os necess&aacute;rios avan&ccedil;os de nosso sistema democr&aacute;tico.<\/p>\n<p><em>*Bruno Marinoni &eacute; rep&oacute;rter do Observat&oacute;rio do Direito &agrave; Comunica&ccedil;&atilde;o e doutor em sociologia pela UFPE<\/em><\/p>\n","protected":false},"excerpt":{"rendered":"<p>O oligop&oacute;lio brasileiro compreendeu que n&atilde;o poderia enfrentar grandes manifesta&ccedil;&otilde;es p&uacute;blicas &ldquo;de frente&rdquo;, sob o risco de perder credibilidade<\/p>\n","protected":false},"author":1,"featured_media":0,"comment_status":"open","ping_status":"open","sticky":false,"template":"","format":"standard","meta":{"footnotes":""},"categories":[42],"tags":[1547],"_links":{"self":[{"href":"https:\/\/obscom.intervozes.org.br\/index.php?rest_route=\/wp\/v2\/posts\/27491"}],"collection":[{"href":"https:\/\/obscom.intervozes.org.br\/index.php?rest_route=\/wp\/v2\/posts"}],"about":[{"href":"https:\/\/obscom.intervozes.org.br\/index.php?rest_route=\/wp\/v2\/types\/post"}],"author":[{"embeddable":true,"href":"https:\/\/obscom.intervozes.org.br\/index.php?rest_route=\/wp\/v2\/users\/1"}],"replies":[{"embeddable":true,"href":"https:\/\/obscom.intervozes.org.br\/index.php?rest_route=%2Fwp%2Fv2%2Fcomments&post=27491"}],"version-history":[{"count":0,"href":"https:\/\/obscom.intervozes.org.br\/index.php?rest_route=\/wp\/v2\/posts\/27491\/revisions"}],"wp:attachment":[{"href":"https:\/\/obscom.intervozes.org.br\/index.php?rest_route=%2Fwp%2Fv2%2Fmedia&parent=27491"}],"wp:term":[{"taxonomy":"category","embeddable":true,"href":"https:\/\/obscom.intervozes.org.br\/index.php?rest_route=%2Fwp%2Fv2%2Fcategories&post=27491"},{"taxonomy":"post_tag","embeddable":true,"href":"https:\/\/obscom.intervozes.org.br\/index.php?rest_route=%2Fwp%2Fv2%2Ftags&post=27491"}],"curies":[{"name":"wp","href":"https:\/\/api.w.org\/{rel}","templated":true}]}}