{"id":27488,"date":"2013-07-02T16:56:29","date_gmt":"2013-07-02T16:56:29","guid":{"rendered":"https:\/\/obscom.intervozes.org.br\/wordpress\/?p=27488"},"modified":"2013-07-02T16:56:29","modified_gmt":"2013-07-02T16:56:29","slug":"sao-paulo-debate-monopolio-midiatico-internet-livre-e-cobertura-de-manifestacoes","status":"publish","type":"post","link":"https:\/\/obscom.intervozes.org.br\/?p=27488","title":{"rendered":"S\u00e3o Paulo debate monop\u00f3lio midi\u00e1tico, internet livre e cobertura de manifesta\u00e7\u00f5es"},"content":{"rendered":"<p>O sentimento de insatisfa&ccedil;&atilde;o com a m&iacute;dia brasileira ficou evidente durantes os atos p&uacute;blicos ocorridos no m&ecirc;s de junho e aos poucos toma forma. As palavras de ordem contra o oligop&oacute;lio dos meios de comunica&ccedil;&atilde;o e a indigna&ccedil;&atilde;o frente a cobertura da m&iacute;dia comercial ganha aos poucos o refor&ccedil;o do debate coletivo. Essa &eacute; a proposta que est&aacute; sendo levada a frente em S&atilde;o Paulo pelo grupo que organizou a &ldquo;Assembl&eacute;ia Popular Tem&aacute;tica &ndash; M&iacute;dia e Democracia&rdquo; e que realiza no dia 3 de julho (quarta) &agrave;s 19h uma aula p&uacute;blica sobre Democratiza&ccedil;&atilde;o da Comunica&ccedil;&atilde;o no v&atilde;o do Masp. <\/p>\n<p>Segundo um dos organizadores do evento, Pedro Ekman, do Coletivo Intervozes, &ldquo;a aula p&uacute;blica ir&aacute; apresentar infogr&aacute;ficos para ilustrar as discuss&otilde;es e v&iacute;deos como os produzidos pelo projeto Freenet e o &lsquo;Levante Sua Voz&rsquo; que devem dar subs&iacute;dios ao aprofundamento da reflex&atilde;o e dos debates&rdquo;. Os temas a serem discutidos s&atilde;o divididos em tr&ecirc;s debates: o monop&oacute;lio na m&iacute;dia e a democracia brasileira, a internet livre e para todos e a cobertura da m&iacute;dia das mobiliza&ccedil;&otilde;es populares.<\/p>\n<p>Para Veridiana Alimonti, do Instituto de Defesa do Consumidor (Idec), que participa do debate sobre internet livre, &ldquo;garantir a inclus&atilde;o digital com qualidade deve ser prioridade nas pol&iacute;ticas p&uacute;blicas, a partir de metas e compromissos do Estado com seus cidad&atilde;os. Se n&atilde;o pudermos nos conectar, se n&atilde;o conseguirmos navegar e n&atilde;o tivermos liberdade para criar e compartilhar, ent&atilde;o continuaremos sendo exclu&iacute;dos&rdquo;.<\/p>\n<p>Leonardo Sakamoto, conhecido pelo seu blog em que discute quest&otilde;es referentes aos direitos humanos, discute na aula p&uacute;blica a cobertura da m&iacute;dia nas manifesta&ccedil;&otilde;es. Segundo ele, o que se tem observado da comunica&ccedil;&atilde;o nas grandes manifesta&ccedil;&otilde;es revela um fen&ocirc;meno complexo de &ldquo;clivagem geracional.&rdquo;. &ldquo;N&atilde;o se trata s&oacute; de uma quest&atilde;o de direita ou esquerda, pois houve muita press&atilde;o interna nas m&iacute;dias tradicionais e muita gente na alternativa n&atilde;o entendeu nada do que aconteceu&rdquo;, afirma.&nbsp; Para Sakamoto, h&aacute; uma mudan&ccedil;a em curso na forma de se produzir informa&ccedil;&atilde;o.<\/p>\n<p>O evento se pretende tamb&eacute;m uma prepara&ccedil;&atilde;o para o ato contra o oligop&oacute;lio da comunica&ccedil;&atilde;o, que acontece no dia 11 de julho, em frente &agrave; Globo. Al&eacute;m disso, haver&aacute; um flash mob com cartazes pela aprova&ccedil;&atilde;o do Marco Civil da Internet e as aulas ser&atilde;o transmitidas on line pela m&iacute;dia Ninja.&nbsp; Para mais informa&ccedil;&otilde;es: <a href=\"https:\/\/www.facebook.com\/events\/539413272773506\/\">https:\/\/www.facebook.com\/events\/539413272773506\/<br \/><\/a> <br \/><strong>Debates tem&aacute;ticos:<\/strong><\/p>\n<p>&#8211; O monop&oacute;lio na m&iacute;dia e a democracia brasileira: Pedro Ekman (Intervozes) e Renata Mielli (Bar&atilde;o de Itarar&eacute;) <\/p>\n<p>&#8211; Internet livre e para todos: S&eacute;rgio Amadeu (CGI) e Veridiana Alimonti (Idec)<\/p>\n<p>&#8211; A cobertura da m&iacute;dia das mobiliza&ccedil;&otilde;es populares: Leonardo Sakamoto (Blog do Sakamoto) e Renato Rovai (Revista F&oacute;rum).<\/p>\n","protected":false},"excerpt":{"rendered":"<p>Aula p&uacute;blica visa aprofundar reflex&otilde;es sobre democratiza&ccedil;&atilde;o da comunica&ccedil;&atilde;o e se preparar para o ato contra a concentra&ccedil;&atilde;o da propriedade em frente &agrave; Globo<\/p>\n","protected":false},"author":1,"featured_media":0,"comment_status":"open","ping_status":"open","sticky":false,"template":"","format":"standard","meta":{"footnotes":""},"categories":[40],"tags":[1771],"_links":{"self":[{"href":"https:\/\/obscom.intervozes.org.br\/index.php?rest_route=\/wp\/v2\/posts\/27488"}],"collection":[{"href":"https:\/\/obscom.intervozes.org.br\/index.php?rest_route=\/wp\/v2\/posts"}],"about":[{"href":"https:\/\/obscom.intervozes.org.br\/index.php?rest_route=\/wp\/v2\/types\/post"}],"author":[{"embeddable":true,"href":"https:\/\/obscom.intervozes.org.br\/index.php?rest_route=\/wp\/v2\/users\/1"}],"replies":[{"embeddable":true,"href":"https:\/\/obscom.intervozes.org.br\/index.php?rest_route=%2Fwp%2Fv2%2Fcomments&post=27488"}],"version-history":[{"count":0,"href":"https:\/\/obscom.intervozes.org.br\/index.php?rest_route=\/wp\/v2\/posts\/27488\/revisions"}],"wp:attachment":[{"href":"https:\/\/obscom.intervozes.org.br\/index.php?rest_route=%2Fwp%2Fv2%2Fmedia&parent=27488"}],"wp:term":[{"taxonomy":"category","embeddable":true,"href":"https:\/\/obscom.intervozes.org.br\/index.php?rest_route=%2Fwp%2Fv2%2Fcategories&post=27488"},{"taxonomy":"post_tag","embeddable":true,"href":"https:\/\/obscom.intervozes.org.br\/index.php?rest_route=%2Fwp%2Fv2%2Ftags&post=27488"}],"curies":[{"name":"wp","href":"https:\/\/api.w.org\/{rel}","templated":true}]}}