{"id":27486,"date":"2013-07-02T12:48:40","date_gmt":"2013-07-02T12:48:40","guid":{"rendered":"https:\/\/obscom.intervozes.org.br\/wordpress\/?p=27486"},"modified":"2013-07-02T12:48:40","modified_gmt":"2013-07-02T12:48:40","slug":"democratizacao-da-comunicacao-tambem-e-defendida-nas-grandes-manifestacoes","status":"publish","type":"post","link":"https:\/\/obscom.intervozes.org.br\/?p=27486","title":{"rendered":"Democratiza\u00e7\u00e3o da comunica\u00e7\u00e3o tamb\u00e9m \u00e9 defendida nas grandes manifesta\u00e7\u00f5es"},"content":{"rendered":"<p><span class=\"padrao\">Quem participou dos atos p&uacute;blicos ocorridos no m&ecirc;s de junho, que iniciaram criticando o aumento da passagem de &ocirc;nibus e passaram a falar de quase tudo, puderam observar algumas iniciativas individuais, espont&acirc;neas e espor&aacute;dicas de se falar do monop&oacute;lio das comunica&ccedil;&otilde;es e das tentativas de manipula&ccedil;&atilde;o da opini&atilde;o p&uacute;blica por parte da m&iacute;dia. Conforme o sentimento crescia em meio aos manifestantes, tomou-se a iniciativa de articular essa insatisfa&ccedil;&atilde;o e transformar a dispers&atilde;o em for&ccedil;a transformadora.<\/p>\n<p>Em S&atilde;o Paulo, no dia 25 de junho, diversas entidades se organizaram e conseguiram reunir cerca de 300 pessoa no v&atilde;o do Museu de Arte de S&atilde;o Paulo (MASP) para discutir democratiza&ccedil;&atilde;o da comunica&ccedil;&atilde;o. Na avalia&ccedil;&atilde;o de Pedro Ekman, do Intervozes, a &ldquo;Assembl&eacute;ia Popular Tem&aacute;tica &ndash; Democracia na M&iacute;dia&rdquo; deixou evidente que &ldquo;o entendimento que se come&ccedil;a a ter do problema &eacute; que ele n&atilde;o se refere s&oacute; aos pol&iacute;ticos, mas tamb&eacute;m ao monop&oacute;lio da comunica&ccedil;&atilde;o, pois o povo que n&atilde;o se v&ecirc; representado pelos pol&iacute;ticos tamb&eacute;m n&atilde;o se v&ecirc; representado pela m&iacute;dia&rdquo;.<\/p>\n<p>O evento, realizado mesmo debaixo de chuva, conseguiu discutir o apoio ao Projeto de lei da M&iacute;dia Democr&aacute;tica, a universaliza&ccedil;&atilde;o da banda larga, o esfor&ccedil;o pela aprova&ccedil;&atilde;o do marco civil da internet, com garantia da neutralidade de rede, a pol&iacute;tica de concess&otilde;es de TV e r&aacute;dio para pol&iacute;ticos, a tentativa de manipula&ccedil;&atilde;o dos protestos pela velha m&iacute;dia, a garantia de acessibilidade plena &agrave;s pessoas com defici&ecirc;ncia auditiva e visual, al&eacute;m do fim do &ldquo;jab&aacute;&rdquo; e do controle externo do ECAD.<\/p>\n<p>Como desdobramento da Assembl&eacute;ia Popular Tem&aacute;tica ser&aacute; realizada uma aula p&uacute;blica no dia 3 de julho (quarta) que ter&aacute; como temas &ldquo;o monop&oacute;lio na m&iacute;dia e a democracia brasileira&rdquo;, &ldquo;a Internet livre e para todos&rdquo; e &ldquo;a cobertura da m&iacute;dia das mobiliza&ccedil;&otilde;es populares&rdquo;.<\/p>\n<p><strong>Distrito Federal<\/strong><\/p>\n<p>Em Bras&iacute;lia a organiza&ccedil;&atilde;o partiu de outro evento, a &ldquo;Assembl&eacute;ia dos Povos do DF&rdquo;, que reuniu centenas de ativistas no dia 23 de junho. A m&iacute;dia e a comunica&ccedil;&atilde;o foram apontados como prioridade de atua&ccedil;&atilde;o e foi programado um ato p&uacute;blico para a tarde do dia 28 (sexta) que manifestasse a cr&iacute;tica ao monop&oacute;lio da comunica&ccedil;&atilde;o e &agrave; viol&ecirc;ncia policial.<\/p>\n<p>Segundo a jornalista e militante Raquel Lasalvia que participou da manifesta&ccedil;&atilde;o, &ldquo;marcamos uma posi&ccedil;&atilde;o, expressando que esse levante das ruas tamb&eacute;m &eacute; contra a m&iacute;dia brasileira, que &eacute; bastante concentrada, e tem a Globo como representante maior deste monop&oacute;lio&rdquo;.<\/p>\n<p>Dentro do eixo de m&iacute;dia e comunica&ccedil;&atilde;o, a Assembl&eacute;ia dos Povos do DF definiu suas pautas priorit&aacute;rias que s&atilde;o a democratiza&ccedil;&atilde;o da m&iacute;dia e da internet, o fim da criminaliza&ccedil;&atilde;o do exerc&iacute;cio do direito &agrave; comunica&ccedil;&atilde;o e &ldquo;fora Paulo Bernardo&rdquo;. A pr&oacute;xima reuni&atilde;o desse grupo est&aacute; marcado para o dia 6 de julho (s&aacute;bado), &agrave;s 14h.<\/p>\n<p><strong>Espirito Santo<\/strong><\/p>\n<p>Em Vit&oacute;ria, no Esp&iacute;rito Santo a Assembl&eacute;ia Popular organizou um ato em frente &agrave; TV Gazeta com cerce de 3 mil pessoas &ldquo;por conta da forma como a m&iacute;dia vem tratando as manifesta&ccedil;&otilde;es&rdquo;, explica Karina Moura, do Centro de Comunica&ccedil;&atilde;o e Cultura Popular Olho da Rua. A empresa teria feito uma cobertura tendenciosa dos atos p&uacute;blicos. Na mesma semana, a TV Educativa do Esp&iacute;rito Santo teria editado uma entrevista do professor V&iacute;tor Gentilli, da Universidade Federal do Esp&iacute;rito Santo (UFES), retirando sua cr&iacute;tica aos meios de comunica&ccedil;&atilde;o.<\/p>\n<p>Os manifestantes na Assembl&eacute;ia Popular do Esp&iacute;rito Santo definiram uma lista de principais reivindica&ccedil;&otilde;es em que constam &ldquo;criar mecanismo de comunica&ccedil;&atilde;o que contemple as comunidades com acesso a informa&ccedil;&otilde;es via banda larga&rdquo; e &ldquo; a n&atilde;o criminaliza&ccedil;&atilde;o dos movimentos sociais&rdquo;.<\/p>\n<p><strong>Minas Gerais<\/strong><\/p>\n<p>A Assembleia Popular Horizontal em Belo Horizonte organizou um grupo tem&aacute;tico sobre &ldquo;Democratiza&ccedil;&atilde;o da M&iacute;dia&rdquo; que discutiu no dia 25 (ter&ccedil;a) propostas a serem trabalhadas durante os atos p&uacute;blicos. Entre as quest&otilde;es que vem sendo discutidas se destacaram o apoio &agrave; campanha Para Expressar a Liberdade, o Passe Livre Digital (um plano metropolitano de banda larga, que garanta o acesso de todos &agrave; internet gr&aacute;tis e de qualidade), auditoria e transpar&ecirc;ncia das empresas de comunica&ccedil;&atilde;o social que prestam servi&ccedil;o para o estado, a cria&ccedil;&atilde;o de um Conselho Municipal de Comunica&ccedil;&atilde;o Social e um Conselho Estadual de Comunica&ccedil;&atilde;o Social, a neutralidade da rede (no contexto do Marco Civil da Internet) e uma abordagem positiva da Democratiza&ccedil;&atilde;o da Comunica&ccedil;&atilde;o nas manifesta&ccedil;&otilde;es e Assembleias.<\/p>\n<p><strong>Rio de Janeiro<\/strong><\/p>\n<p>Um ato p&uacute;blico deve ser realizado tamb&eacute;m em frente &agrave; TV Globo no Jardim Bot&acirc;nico no pr&oacute;ximo dia 5 (sexta), no Rio de Janeiro. A Frente Ampla pela Liberdade de Express&atilde;o (Fale Rio) se articula para realizar uma assembl&eacute;ia popular tem&aacute;tica na capital carioca, por&eacute;m n&atilde;o tem data nem local definidos at&eacute; o momento.<\/p>\n<p><\/span><\/p>\n","protected":false},"excerpt":{"rendered":"<p><span class=\"padrao\">A  cr&iacute;tica espont&acirc;nea &agrave; cobertura dos atos p&uacute;blicos pela m&iacute;dia e a luta  organizada em prol da democratiza&ccedil;&atilde;o da comunica&ccedil;&atilde;o come&ccedil;am a convergir nas mobiliza&ccedil;&otilde;es que tomaram as ruas do pa&iacute;s <\/span><\/p>\n","protected":false},"author":1,"featured_media":0,"comment_status":"open","ping_status":"open","sticky":false,"template":"","format":"standard","meta":{"footnotes":""},"categories":[40],"tags":[1771],"_links":{"self":[{"href":"https:\/\/obscom.intervozes.org.br\/index.php?rest_route=\/wp\/v2\/posts\/27486"}],"collection":[{"href":"https:\/\/obscom.intervozes.org.br\/index.php?rest_route=\/wp\/v2\/posts"}],"about":[{"href":"https:\/\/obscom.intervozes.org.br\/index.php?rest_route=\/wp\/v2\/types\/post"}],"author":[{"embeddable":true,"href":"https:\/\/obscom.intervozes.org.br\/index.php?rest_route=\/wp\/v2\/users\/1"}],"replies":[{"embeddable":true,"href":"https:\/\/obscom.intervozes.org.br\/index.php?rest_route=%2Fwp%2Fv2%2Fcomments&post=27486"}],"version-history":[{"count":0,"href":"https:\/\/obscom.intervozes.org.br\/index.php?rest_route=\/wp\/v2\/posts\/27486\/revisions"}],"wp:attachment":[{"href":"https:\/\/obscom.intervozes.org.br\/index.php?rest_route=%2Fwp%2Fv2%2Fmedia&parent=27486"}],"wp:term":[{"taxonomy":"category","embeddable":true,"href":"https:\/\/obscom.intervozes.org.br\/index.php?rest_route=%2Fwp%2Fv2%2Fcategories&post=27486"},{"taxonomy":"post_tag","embeddable":true,"href":"https:\/\/obscom.intervozes.org.br\/index.php?rest_route=%2Fwp%2Fv2%2Ftags&post=27486"}],"curies":[{"name":"wp","href":"https:\/\/api.w.org\/{rel}","templated":true}]}}