{"id":27485,"date":"2013-07-01T17:54:05","date_gmt":"2013-07-01T17:54:05","guid":{"rendered":"https:\/\/obscom.intervozes.org.br\/wordpress\/?p=27485"},"modified":"2013-07-01T17:54:05","modified_gmt":"2013-07-01T17:54:05","slug":"assembleia-popular-prepara-aula-publica-sobre-democratizacao-da-comunicacao","status":"publish","type":"post","link":"https:\/\/obscom.intervozes.org.br\/?p=27485","title":{"rendered":"Assembl\u00e9ia popular prepara aula p\u00fablica sobre democratiza\u00e7\u00e3o da comunica\u00e7\u00e3o"},"content":{"rendered":"<p><strong>Reda&ccedil;&atilde;o &#8211; Observat&oacute;rio do Direito &agrave; Comunica&ccedil;&atilde;o<\/strong><\/p>\n<p>A &quot;Assembl&eacute;ia Popular Tem&aacute;tica &#8211; Democracia na M&iacute;dia&quot; prepara a realiza&ccedil;&atilde;o de uma aula p&uacute;blica em S&atilde;o Paulo, &agrave;s 19h, no v&atilde;o do Masp. O evento tem como objetivo discutir temas da comunica&ccedil;&atilde;o e preparar o ato do dia 11 de julho contra o monop&oacute;lio na frente da Globo. Para a atividade est&atilde;o previstos tamb&eacute;m uma proje&ccedil;&atilde;o de v&iacute;deos e um &quot;flashmob&quot; pela aprova&ccedil;&atilde;o do marco civil na Internet. A organiza&ccedil;&atilde;o sugere que os participantes tragam seus cartazes.<\/p>\n<p>Temas da aula:<br \/>&#8211; O monop&oacute;lio na m&iacute;dia e a democracia brasileira: Pedro Ekman (Intervozes) e Renata Mielli (Bar&atilde;o de Itarar&eacute;).<\/p>\n<p>&#8211; Internet livre e para todos: S&eacute;rgio Amadeu (CGI) e Veridiana Alimonti (CGI).<\/p>\n<p>&#8211; A cobertura da m&iacute;dia das mobiliza&ccedil;&otilde;es populares: Leonardo Sakamoto (Blog do Sakamoto) e Renato Rovai (Revista F&oacute;rum).<\/p>\n<p>Contatos: <a href=\"https:\/\/www.facebook.com\/events\/539413272773506\/\">https:\/\/www.facebook.com\/events\/539413272773506\/<\/a> <\/p>\n","protected":false},"excerpt":{"rendered":"<p>Reda&ccedil;&atilde;o &#8211; Observat&oacute;rio do Direito &agrave; Comunica&ccedil;&atilde;o A &quot;Assembl&eacute;ia Popular Tem&aacute;tica &#8211; Democracia na M&iacute;dia&quot; prepara a realiza&ccedil;&atilde;o de uma aula p&uacute;blica em S&atilde;o Paulo, &agrave;s 19h, no v&atilde;o do Masp. O evento tem como objetivo discutir temas da comunica&ccedil;&atilde;o e preparar o ato do dia 11 de julho contra o monop&oacute;lio na frente da &hellip; <a href=\"https:\/\/obscom.intervozes.org.br\/?p=27485\" class=\"more-link\">Continue lendo <span class=\"screen-reader-text\">Assembl\u00e9ia popular prepara aula p\u00fablica sobre democratiza\u00e7\u00e3o da comunica\u00e7\u00e3o<\/span> <span class=\"meta-nav\">&rarr;<\/span><\/a><\/p>\n","protected":false},"author":1,"featured_media":0,"comment_status":"open","ping_status":"open","sticky":false,"template":"","format":"standard","meta":{"footnotes":""},"categories":[39],"tags":[],"_links":{"self":[{"href":"https:\/\/obscom.intervozes.org.br\/index.php?rest_route=\/wp\/v2\/posts\/27485"}],"collection":[{"href":"https:\/\/obscom.intervozes.org.br\/index.php?rest_route=\/wp\/v2\/posts"}],"about":[{"href":"https:\/\/obscom.intervozes.org.br\/index.php?rest_route=\/wp\/v2\/types\/post"}],"author":[{"embeddable":true,"href":"https:\/\/obscom.intervozes.org.br\/index.php?rest_route=\/wp\/v2\/users\/1"}],"replies":[{"embeddable":true,"href":"https:\/\/obscom.intervozes.org.br\/index.php?rest_route=%2Fwp%2Fv2%2Fcomments&post=27485"}],"version-history":[{"count":0,"href":"https:\/\/obscom.intervozes.org.br\/index.php?rest_route=\/wp\/v2\/posts\/27485\/revisions"}],"wp:attachment":[{"href":"https:\/\/obscom.intervozes.org.br\/index.php?rest_route=%2Fwp%2Fv2%2Fmedia&parent=27485"}],"wp:term":[{"taxonomy":"category","embeddable":true,"href":"https:\/\/obscom.intervozes.org.br\/index.php?rest_route=%2Fwp%2Fv2%2Fcategories&post=27485"},{"taxonomy":"post_tag","embeddable":true,"href":"https:\/\/obscom.intervozes.org.br\/index.php?rest_route=%2Fwp%2Fv2%2Ftags&post=27485"}],"curies":[{"name":"wp","href":"https:\/\/api.w.org\/{rel}","templated":true}]}}