{"id":27483,"date":"2013-06-27T12:41:49","date_gmt":"2013-06-27T12:41:49","guid":{"rendered":"https:\/\/obscom.intervozes.org.br\/wordpress\/?p=27483"},"modified":"2013-06-27T12:41:49","modified_gmt":"2013-06-27T12:41:49","slug":"movimentos-de-comunicacao-marcam-ato-na-sede-da-rede-globo-em-sao-paulo","status":"publish","type":"post","link":"https:\/\/obscom.intervozes.org.br\/?p=27483","title":{"rendered":"Movimentos de comunica\u00e7\u00e3o marcam ato na sede da Rede Globo em S\u00e3o Paulo"},"content":{"rendered":"<p><span class=\"padrao\">Movimentos que defendem a democratiza&ccedil;&atilde;o dos meios de comunica&ccedil;&atilde;o realizaram na noite de ontem (26) uma plen&aacute;ria no v&atilde;o livre do Masp, na Avenida Paulista, em S&atilde;o Paulo, para tra&ccedil;ar uma estrat&eacute;gia de atua&ccedil;&atilde;o. A ideia &eacute; aproveitar o ambiente de efervesc&ecirc;ncia pol&iacute;tica para pautar o assunto. Concretamente cerca de 100 participantes decidiram realizar uma manifesta&ccedil;&atilde;o diante da sede da Rede Globo na cidade, na pr&oacute;xima quarta-feira (3).<\/p>\n<p>A insatisfa&ccedil;&atilde;o popular em rela&ccedil;&atilde;o &agrave; m&iacute;dia foi marcante nas recentes manifesta&ccedil;&otilde;es populares em S&atilde;o Paulo. Jornalistas de v&aacute;rios ve&iacute;culos de comunica&ccedil;&atilde;o, em especial da Globo, foram hostilizados durante os protestos. No caso mais grave, um carro da rede Record, adaptado para ser usado como est&uacute;dio, foi incendiado.<\/p>\n<p>Na plen&aacute;ria de ontem, o professor de gest&atilde;o de pol&iacute;ticas p&uacute;blicas da Universidade de S&atilde;o Paulo, Pablo Ortellado, avaliou que os jornais Folha de S. Paulo, O Estado de S. Paulo, a revista Veja e a pr&oacute;pria Globo, por meio de editoriais, incentivaram o uso da viol&ecirc;ncia para reprimir os manifestantes. Mas em seguida passaram a colaborar para dispersar a pauta de reivindica&ccedil;&otilde;es que originaram a onda de protestos, ao incentivar a ado&ccedil;&atilde;o de bandeiras exteriores &agrave; proposta do MPL &ndash; at&eacute; ent&atilde;o restrita &agrave; revoga&ccedil;&atilde;o do aumento das tarifas de &ocirc;nibus, trens e metr&ocirc; de R$ 3 para R$ 3,20.<\/p>\n<p>Os movimentos sociais, no entanto, ainda buscam uma agenda de pautas concretas para atender a diversas demandas, que incluem a democratiza&ccedil;&atilde;o das concess&otilde;es p&uacute;blicas de r&aacute;dio e TV, liberdade de express&atilde;o e acesso irrestrito &agrave; internet.<\/p>\n<p>&ldquo;Dev&iacute;amos beber da experi&ecirc;ncia do MPL (Movimento Passe Livre) aqui em S&atilde;o Paulo, que al&eacute;m de ter uma meta geral, o passe livre, conseguiu mover a conjuntura claramente R$ 0,20 para a esquerda&rdquo;, exemplificou Pedro Ekman, coordenador do Coletivo Intervozes. &ldquo;A gente tem que achar os 20 centavos da comunica&ccedil;&atilde;o. Achar uma pauta concreta que obrigue o governo federal a tomar uma decis&atilde;o &agrave; esquerda e n&atilde;o mais uma decis&atilde;o de concilia&ccedil;&atilde;o com o poder midi&aacute;tico que sempre moveu o poder nesse pa&iacute;s&rdquo;, defendeu.<\/p>\n<p>&quot;A quest&atilde;o &eacute; urgente. Todos os avan&ccedil;os democr&aacute;ticos est&atilde;o sendo brecadas pelo poder da m&iacute;dia, que tem feito todos os esfor&ccedil;os para impedir as reformas progressistas e para impor uma agenda conservadora, de retrocesso e perda de direitos&quot;, afirmou Igor Felipe, da coordena&ccedil;&atilde;o de comunica&ccedil;&atilde;o do Movimento dos Trabalhadores Rurais Sem Terra (MST).<\/p>\n<p>A avalia&ccedil;&atilde;o &eacute; que apesar de outras conquistas sociais, n&atilde;o houve avan&ccedil;os na quest&atilde;o da democratiza&ccedil;&atilde;o da m&iacute;dia. &quot;N&oacute;s temos dez anos de um processo que resolveu n&atilde;o enfrentar essa pauta. N&oacute;s temos um ministro que &eacute; advogado das empresas de comunica&ccedil;&atilde;o do ponto de vista do enfrentamento do debate p&uacute;blico&quot;, disse Ekman, referindo-se a Paulo Bernardo, da Comunica&ccedil;&atilde;o.<\/p>\n<p>Bernardo &eacute; criticado por ter, entre outras coisas, se posicionado contra mecanismos de controle social da m&iacute;dia. &quot;Eu n&atilde;o tenho d&uacute;vida que tudo isso passa pela sa&iacute;da dele. Fora, Paulo Bernardo!&quot;, enfatizou S&eacute;rgio Amadeu, professor da Universidade Federal do ABC e coordenador do programa Pra&ccedil;as Digitais da prefeitura de S&atilde;o Paulo.<\/p>\n<p>Amadeu acusa o ministro de estar &quot;fazendo o jogo das operadoras que querem controlar a Internet&quot; e trabalhar para impedir a aprova&ccedil;&atilde;o do atual texto do Marco Civil do setor. &quot;Temos uma tarefa. Lutar sim, para junto dessa linha da reforma pol&iacute;tica colocar a democratiza&ccedil;&atilde;o&quot;, afirmou.<\/p>\n<p>A secret&aacute;ria de Comunica&ccedil;&atilde;o da CUT, Rosane Bertotti, coordenadora geral do F&oacute;rum Nacional pela Democratiza&ccedil;&atilde;o da Comunica&ccedil;&atilde;o, enfatizou a import&acirc;ncia da campanha de coleta de assinaturas para a proposta de iniciativa popular de uma nova lei geral de comunica&ccedil;&atilde;o.<\/p>\n<p>O projeto trata da regulamenta&ccedil;&atilde;o da radiodifus&atilde;o e pretende garantir mais pluralidade nos conte&uacute;dos, transpar&ecirc;ncia nos processos de concess&atilde;o e evitar os monop&oacute;lios. &quot;Vamos lev&aacute;-lo para as ruas e recolher 1,6 milh&atilde;o de assinaturas. Esse projeto n&atilde;o vem de quem tem de fazer &ndash; o governo brasileiro e o Congresso &ndash;, mas vir&aacute; da m&atilde;o do povo&quot;, disse.<\/span><\/p>\n","protected":false},"excerpt":{"rendered":"<p><span class=\"padrao\">Protesto deve ser realizado na pr&oacute;xima quarta-feira (3). Plen&aacute;ria  realizada ontem debateu agenda unificada. Ideia &eacute; aproveitar  efervesc&ecirc;ncia pol&iacute;tica para pautar democratiza&ccedil;&atilde;o da m&iacute;dia<\/span><\/p>\n","protected":false},"author":1,"featured_media":0,"comment_status":"open","ping_status":"open","sticky":false,"template":"","format":"standard","meta":{"footnotes":""},"categories":[40],"tags":[1771],"_links":{"self":[{"href":"https:\/\/obscom.intervozes.org.br\/index.php?rest_route=\/wp\/v2\/posts\/27483"}],"collection":[{"href":"https:\/\/obscom.intervozes.org.br\/index.php?rest_route=\/wp\/v2\/posts"}],"about":[{"href":"https:\/\/obscom.intervozes.org.br\/index.php?rest_route=\/wp\/v2\/types\/post"}],"author":[{"embeddable":true,"href":"https:\/\/obscom.intervozes.org.br\/index.php?rest_route=\/wp\/v2\/users\/1"}],"replies":[{"embeddable":true,"href":"https:\/\/obscom.intervozes.org.br\/index.php?rest_route=%2Fwp%2Fv2%2Fcomments&post=27483"}],"version-history":[{"count":0,"href":"https:\/\/obscom.intervozes.org.br\/index.php?rest_route=\/wp\/v2\/posts\/27483\/revisions"}],"wp:attachment":[{"href":"https:\/\/obscom.intervozes.org.br\/index.php?rest_route=%2Fwp%2Fv2%2Fmedia&parent=27483"}],"wp:term":[{"taxonomy":"category","embeddable":true,"href":"https:\/\/obscom.intervozes.org.br\/index.php?rest_route=%2Fwp%2Fv2%2Fcategories&post=27483"},{"taxonomy":"post_tag","embeddable":true,"href":"https:\/\/obscom.intervozes.org.br\/index.php?rest_route=%2Fwp%2Fv2%2Ftags&post=27483"}],"curies":[{"name":"wp","href":"https:\/\/api.w.org\/{rel}","templated":true}]}}