{"id":27482,"date":"2013-06-27T12:34:33","date_gmt":"2013-06-27T12:34:33","guid":{"rendered":"https:\/\/obscom.intervozes.org.br\/wordpress\/?p=27482"},"modified":"2014-09-07T03:03:11","modified_gmt":"2014-09-07T03:03:11","slug":"cobertura-das-manifestacoes-pela-midia-tradicional-recebe-duras-criticas","status":"publish","type":"post","link":"https:\/\/obscom.intervozes.org.br\/?p=27482","title":{"rendered":"Cobertura das manifesta\u00e7\u00f5es pela m\u00eddia tradicional recebe duras cr\u00edticas"},"content":{"rendered":"<p><span class=\"padrao\">As manifesta&ccedil;&otilde;es que surgiram no pa&iacute;s em torno do aumento da passagem e que ganharam ao longo do m&ecirc;s de junho propor&ccedil;&otilde;es gigantescas apresentaram a m&iacute;dia como um ator importante nesse cen&aacute;rio.&nbsp; A cobertura feita dos atos p&uacute;blicos e a participa&ccedil;&atilde;o de jornalistas nesses lugares virou tema de debate dentro e fora das grandes aglomera&ccedil;&otilde;es. Destaca-se o tom de cr&iacute;tica.<\/p>\n<p>Entre os cartazes, era poss&iacute;vel encontrar pedidos de mais democracia na m&iacute;dia ou afirma&ccedil;&otilde;es de que a Globo n&atilde;o faria o povo de bobo. Em meio &agrave;s manifesta&ccedil;&otilde;es, pranchetas circulavam, coletando assinaturas de apoio a uma nova lei que garantisse mais diversidade e menos concentra&ccedil;&atilde;o da propriedade.&nbsp; Palavras de ordem xingavam ve&iacute;culos de comunica&ccedil;&atilde;o, carros de equipes de reportagem foram depredados e queimados, rep&oacute;rteres foram expulsos do meio da multid&atilde;o (como foi o caso de Caco Barcelos, da TV Globo).<\/p>\n<p>&Eacute; poss&iacute;vel tamb&eacute;m encontrar diversos eventos anunciados em redes sociais que convidam para boicotes &agrave;s emissoras ou para discutir o tema da comunica&ccedil;&atilde;o. Tudo articulado ou impulsionado pelas mobiliza&ccedil;&otilde;es que levam aos grandes atos p&uacute;blicos. S&atilde;o alguns deles a &ldquo;Assembleia Popular Tem&aacute;tica &ndash; Democracia na M&iacute;dia&rdquo;, o &ldquo;Primeiro Boicote Nacional &agrave; TV Globo&rdquo; ou o &ldquo;Um dia sem Rede Globo&rdquo;.<\/p>\n<p>Comparando-se a cobertura da TV e dos &ldquo;jornal&otilde;es&rdquo; com o que se v&ecirc; nas redes sociais, j&aacute; &eacute; poss&iacute;vel perceber uma boa diferen&ccedil;a.&nbsp; Algumas iniciativas de coletivos independentes, inclusive, buscam ocupar lacunas ou mesmo se contrapor ao que foi feito pela m&iacute;dia (<a href=\"http:\/\/localhost\/intervozes_direitoacomunicacao\/wordpress\/?p=27479\" target=\"_blank\">Coletivos independentes v&atilde;o &agrave;s ruas cobrir atos<\/a> ) e, assim, alimentam a internet com informa&ccedil;&otilde;es que n&atilde;o prov&ecirc;m das fontes tradicionais. Diferente da divis&atilde;o de trabalho t&iacute;pica do padr&atilde;o jornal&iacute;stico em que somente o jornalista vai para a rua (quando vai), no caso dos pequenos grupos os pr&oacute;prios editores, que tamb&eacute;m s&atilde;o rep&oacute;rteres,&nbsp; v&atilde;o para o &ldquo;front&rdquo; e t&ecirc;m um outro olhar sobre os acontecimentos. Quem decide a linha editorial, nesse caso, vai pro campo de batalha de corpo aberto e torna evidente as limita&ccedil;&otilde;es da edi&ccedil;&atilde;o feita de dentro das reda&ccedil;&otilde;es.<\/p>\n<p>Al&eacute;m disso, editoriais da m&iacute;dia impressa pediram ordem no primeiro momento das mobilia&ccedil;&otilde;es, mas, conforme os atos p&uacute;blicos passaram a tomar grandes propor&ccedil;&otilde;es e a atrair a simpatia da sociedade (inclusive <a href=\"http:\/\/www.youtube.com\/watch?v=7cxOK7SOI2k\">deixando desconcertados ao vivo alguns &iacute;cones do &ldquo;chamado &agrave; ordem&rdquo; na televis&atilde;o<\/a> ), resolveu-se mudar a estrat&eacute;gia do discurso, comprometendo a credibilidade dos ve&iacute;culos e evidenciando o conservadorismo pol&iacute;tico e o interesse econ&ocirc;mico de adular o leitor.<\/p>\n<p>A mudan&ccedil;a no tratamento da cobertura suscitou desconfian&ccedil;as naqueles que acompanham os acontecimentos. Entre os que apontam a m&iacute;dia brasileira como um dos atores que entraram no processo para tentar manipul&aacute;-lo encontra-se o professor de Jornalismo da USP Laurindo Leal, que em artigo publicado na &ldquo;Revista do Brasil&rdquo;, afirma que &ldquo;ao perceber que o movimento n&atilde;o tinha dire&ccedil;&atilde;o e poderia assumir bandeiras progressistas, as emissoras de TV, com a Globo &agrave; frente, passaram a conduzi-lo&rdquo;.<\/p>\n<p>A proposta de uma <a href=\"www.paraexpressaraliberdade.org.br\" target=\"_blank\">Lei para uma M&iacute;dia Democr&aacute;tica<\/a>  tem entre os objetivos abrir espa&ccedil;o para que diversos setores da sociedade possam participar da produ&ccedil;&atilde;o de informa&ccedil;&otilde;es e evitar a sensa&ccedil;&atilde;o (ou o fato) de tentativas de manipular a opini&atilde;o p&uacute;blica por meio do discurso &uacute;nico, caracter&iacute;stico da m&iacute;dia que tem alto n&iacute;vel de concentra&ccedil;&atilde;o de propriedade e que praticamente s&oacute; se desenvolveu voltada para o mercado.&nbsp; Para que esse projeto de iniciativa popular possa tornar a cr&iacute;tica em pr&aacute;tica, o descontentamento com a cobertura dos atos pode catalisar a coleta de assinaturas de apoio. A popula&ccedil;&atilde;o apenas precisa saber que esse instrumento permite esse avan&ccedil;o.<\/p>\n<p><\/span><\/p>\n","protected":false},"excerpt":{"rendered":"<p>Descontentamento da popula&ccedil;&atilde;o com o sistema midi&aacute;tico brasileiro fica evidente nos atos p&uacute;blicos que tomam conta do Brasil. Mobiliza&ccedil;&otilde;es focam a principal emissora do pa&iacute;s.<\/p>\n","protected":false},"author":1,"featured_media":0,"comment_status":"open","ping_status":"open","sticky":false,"template":"","format":"standard","meta":{"footnotes":""},"categories":[40],"tags":[1771],"_links":{"self":[{"href":"https:\/\/obscom.intervozes.org.br\/index.php?rest_route=\/wp\/v2\/posts\/27482"}],"collection":[{"href":"https:\/\/obscom.intervozes.org.br\/index.php?rest_route=\/wp\/v2\/posts"}],"about":[{"href":"https:\/\/obscom.intervozes.org.br\/index.php?rest_route=\/wp\/v2\/types\/post"}],"author":[{"embeddable":true,"href":"https:\/\/obscom.intervozes.org.br\/index.php?rest_route=\/wp\/v2\/users\/1"}],"replies":[{"embeddable":true,"href":"https:\/\/obscom.intervozes.org.br\/index.php?rest_route=%2Fwp%2Fv2%2Fcomments&post=27482"}],"version-history":[{"count":1,"href":"https:\/\/obscom.intervozes.org.br\/index.php?rest_route=\/wp\/v2\/posts\/27482\/revisions"}],"predecessor-version":[{"id":28323,"href":"https:\/\/obscom.intervozes.org.br\/index.php?rest_route=\/wp\/v2\/posts\/27482\/revisions\/28323"}],"wp:attachment":[{"href":"https:\/\/obscom.intervozes.org.br\/index.php?rest_route=%2Fwp%2Fv2%2Fmedia&parent=27482"}],"wp:term":[{"taxonomy":"category","embeddable":true,"href":"https:\/\/obscom.intervozes.org.br\/index.php?rest_route=%2Fwp%2Fv2%2Fcategories&post=27482"},{"taxonomy":"post_tag","embeddable":true,"href":"https:\/\/obscom.intervozes.org.br\/index.php?rest_route=%2Fwp%2Fv2%2Ftags&post=27482"}],"curies":[{"name":"wp","href":"https:\/\/api.w.org\/{rel}","templated":true}]}}