{"id":27478,"date":"2013-06-24T11:20:18","date_gmt":"2013-06-24T11:20:18","guid":{"rendered":"https:\/\/obscom.intervozes.org.br\/wordpress\/?p=27478"},"modified":"2013-06-24T11:20:18","modified_gmt":"2013-06-24T11:20:18","slug":"sao-paulo-tera-assembleia-popular-tematica-para-discutir-democracia-na-midia","status":"publish","type":"post","link":"https:\/\/obscom.intervozes.org.br\/?p=27478","title":{"rendered":"S\u00e3o Paulo ter\u00e1 Assembl\u00e9ia Popular Tem\u00e1tica para discutir democracia na m\u00eddia"},"content":{"rendered":"<p><!--[if gte mso 9]><xml>  <w:WordDocument>   <w:View>Normal<\/w:View>   <w:Zoom>0<\/w:Zoom>   <w:HyphenationZone>21<\/w:HyphenationZone>   <w:PunctuationKerning\/>   <w:ValidateAgainstSchemas\/>   <w:SaveIfXMLInvalid>false<\/w:SaveIfXMLInvalid>   <w:IgnoreMixedContent>false<\/w:IgnoreMixedContent>   <w:AlwaysShowPlaceholderText>false<\/w:AlwaysShowPlaceholderText>   <w:Compatibility>    <w:BreakWrappedTables\/>    <w:SnapToGridInCell\/>    <w:WrapTextWithPunct\/>    <w:UseAsianBreakRules\/>    <w:DontGrowAutofit\/>   <\/w:Compatibility>   <w:BrowserLevel>MicrosoftInternetExplorer4<\/w:BrowserLevel>  <\/w:WordDocument> <\/xml><![endif]-->  <\/p>\n<p class=\"MsoNormal\"><strong>Reda&ccedil;&atilde;o &#8211; Observat&oacute;rio do Direito &agrave; Comunica&ccedil;&atilde;o<\/strong><\/p>\n<p>Avaliando que &ldquo;a cobertura das manifesta&ccedil;&otilde;es mostrou que a velha m&iacute;dia est&aacute; mais caduca do que nunca, mas que ainda tem um grande poder&rdquo;, diversos grupos tiveram a id&eacute;ia de realizar a &ldquo;Assembl&eacute;ia Popular Tem&aacute;tica &ndash; Democracia na M&iacute;dia&rdquo;.<\/p>\n<p>A partir de uma perspectiva cr&iacute;tica, em que se aponta o papel da m&iacute;dia como promotora da ideologia conservadora, a limita&ccedil;&atilde;o de acesso de determinados grupos &agrave; internet, o alto faturamento das empresas de telecomunica&ccedil;&atilde;o e o uso de informa&ccedil;&otilde;es pessoais para controle e manipula&ccedil;&atilde;o dos indiv&iacute;duos, os organizadores t&ecirc;m por objetivo se organizar para transformar as atuais condi&ccedil;&otilde;es da comunica&ccedil;&atilde;o no pa&iacute;s.<\/p>\n<p>O evento est&aacute; marcado para o dia 25 de junho (ter&ccedil;a), na Pra&ccedil;a Roosevelt, em S&atilde;o Paulo, &agrave;s 19h.<\/p>\n<p>  <!--[if gte mso 9]><xml>  <w:LatentStyles DefLockedState=\"false\" LatentStyleCount=\"156\">  <\/w:LatentStyles> <\/xml><![endif]--><!--[if gte mso 10]> \n\n<style>  \/* Style Definitions *\/  table.MsoNormalTable \t{mso-style-name:\"Tabela normal\"; \tmso-tstyle-rowband-size:0; \tmso-tstyle-colband-size:0; \tmso-style-noshow:yes; \tmso-style-parent:\"\"; \tmso-padding-alt:0cm 5.4pt 0cm 5.4pt; \tmso-para-margin:0cm; \tmso-para-margin-bottom:.0001pt; \tmso-pagination:widow-orphan; \tfont-size:10.0pt; \tfont-family:\"Times New Roman\"; \tmso-ansi-language:#0400; \tmso-fareast-language:#0400; \tmso-bidi-language:#0400;} <\/style>\n\n <![endif]--><\/p>\n","protected":false},"excerpt":{"rendered":"<p>Reda&ccedil;&atilde;o &#8211; Observat&oacute;rio do Direito &agrave; Comunica&ccedil;&atilde;o Avaliando que &ldquo;a cobertura das manifesta&ccedil;&otilde;es mostrou que a velha m&iacute;dia est&aacute; mais caduca do que nunca, mas que ainda tem um grande poder&rdquo;, diversos grupos tiveram a id&eacute;ia de realizar a &ldquo;Assembl&eacute;ia Popular Tem&aacute;tica &ndash; Democracia na M&iacute;dia&rdquo;. A partir de uma perspectiva cr&iacute;tica, em que se &hellip; <a href=\"https:\/\/obscom.intervozes.org.br\/?p=27478\" class=\"more-link\">Continue lendo <span class=\"screen-reader-text\">S\u00e3o Paulo ter\u00e1 Assembl\u00e9ia Popular Tem\u00e1tica para discutir democracia na m\u00eddia<\/span> <span class=\"meta-nav\">&rarr;<\/span><\/a><\/p>\n","protected":false},"author":1,"featured_media":0,"comment_status":"open","ping_status":"open","sticky":false,"template":"","format":"standard","meta":{"footnotes":""},"categories":[39],"tags":[],"_links":{"self":[{"href":"https:\/\/obscom.intervozes.org.br\/index.php?rest_route=\/wp\/v2\/posts\/27478"}],"collection":[{"href":"https:\/\/obscom.intervozes.org.br\/index.php?rest_route=\/wp\/v2\/posts"}],"about":[{"href":"https:\/\/obscom.intervozes.org.br\/index.php?rest_route=\/wp\/v2\/types\/post"}],"author":[{"embeddable":true,"href":"https:\/\/obscom.intervozes.org.br\/index.php?rest_route=\/wp\/v2\/users\/1"}],"replies":[{"embeddable":true,"href":"https:\/\/obscom.intervozes.org.br\/index.php?rest_route=%2Fwp%2Fv2%2Fcomments&post=27478"}],"version-history":[{"count":0,"href":"https:\/\/obscom.intervozes.org.br\/index.php?rest_route=\/wp\/v2\/posts\/27478\/revisions"}],"wp:attachment":[{"href":"https:\/\/obscom.intervozes.org.br\/index.php?rest_route=%2Fwp%2Fv2%2Fmedia&parent=27478"}],"wp:term":[{"taxonomy":"category","embeddable":true,"href":"https:\/\/obscom.intervozes.org.br\/index.php?rest_route=%2Fwp%2Fv2%2Fcategories&post=27478"},{"taxonomy":"post_tag","embeddable":true,"href":"https:\/\/obscom.intervozes.org.br\/index.php?rest_route=%2Fwp%2Fv2%2Ftags&post=27478"}],"curies":[{"name":"wp","href":"https:\/\/api.w.org\/{rel}","templated":true}]}}