{"id":27477,"date":"2013-06-19T16:42:57","date_gmt":"2013-06-19T16:42:57","guid":{"rendered":"https:\/\/obscom.intervozes.org.br\/wordpress\/?p=27477"},"modified":"2013-06-19T16:42:57","modified_gmt":"2013-06-19T16:42:57","slug":"a-midia-reacionaria-e-a-repressao-foram-derrotadas-nas-ruas","status":"publish","type":"post","link":"https:\/\/obscom.intervozes.org.br\/?p=27477","title":{"rendered":"A m\u00eddia reacion\u00e1ria e a repress\u00e3o foram derrotadas nas ruas"},"content":{"rendered":"<p>Ontem o pa&iacute;s registrou uma das mais expressivas mobiliza&ccedil;&otilde;es nas ruas, particularmente da sua juventude, para defender o direito essencial ao transporte p&uacute;blico de qualidade. De modo geral, foram demonstra&ccedil;&otilde;es pac&iacute;ficas, longas e reunindo multid&otilde;es.<\/p>\n<p>&quot;Que coincid&ecirc;ncia, sem pol&iacute;cia n&atilde;o tem viol&ecirc;ncia&quot;, foi uma das frases repetidas em lugares onde a pol&iacute;cia realmente ficou de fora, como foi o caso ontem na capital de S&atilde;o Paulo, que registrou marchas simult&acirc;neas nas Avenidas Faria Lima, Paulista, Marginal Pinheiros e Ponte Estaiada. N&atilde;o foi isso que ocorreu nas protestos anteriores<\/p>\n<p>Na semana passada, ao deparar-se com milhares de jovens tomando as ruas contra os aumentos na tarifa dos &ocirc;nibus e metr&ocirc;, a pol&iacute;cia paulista n&atilde;o vacilou em partir para a repress&atilde;o violenta. Feitos alvos de bombas de borracha e g&aacute;s lacrimog&ecirc;neo, os jovens tamb&eacute;m reagiram. O espet&aacute;culo de repercuss&atilde;o internacional mostrou o despreparo da Seguran&ccedil;a P&uacute;blica de S&atilde;o Paulo, ainda regida por um pensamento autorit&aacute;rio que age para reprimir aquilo que n&atilde;o quer ouvir.<\/p>\n<p>O que os jovens est&atilde;o dizendo &eacute; que precisam ser ouvidos, que sabem que o transporte p&uacute;blico pode ser melhor e acess&iacute;vel a todos, se houver vontade po&iacute;tica para mudan&ccedil;as e transpar&ecirc;ncia nos custos, subs&iacute;dios e contratos. Eles e elas descobriram que s&atilde;o as press&otilde;es sociais que fazem o governo agir na adversidade e o Estado se transformar.<\/p>\n<p>O autoristarismo da semana passada tamb&eacute;m foi insuflado por uma imprensa que criminaliza a juventude pela viol&ecirc;ncia no Brasil. V&aacute;rios telejornais e apresentadores de TV no m&iacute;nimo aceitam confortavelmente o pensamento torto de que as falhas na aten&ccedil;&atilde;o da sociedade e do Estado &agrave; inf&acirc;ncia e &agrave; juventude, que no fim da linha resultam no aumento da criminalidade, sejam resolvidas com a redu&ccedil;&atilde;o da idade penal.<\/p>\n<p>O &oacute;dio &agrave; juventude propagado por essa m&iacute;dia se expressou nas garras da pol&iacute;cia exibidas na &uacute;ltima semana, e em alguns lugares, como Belo Horizonte, tamb&eacute;m na segunda-feira. A boa not&iacute;cia &eacute; que a sociedade vem aprendendo a reconhecer a manipula&ccedil;&atilde;o midi&aacute;tica e preferiu apoiar seus jovens, reconhecer seus direitos e juntar-se a eles nas marchas por redu&ccedil;&atilde;o da tarifa, em lugar de cham&aacute;-los de v&acirc;ndalos e clamar por mais pol&iacute;ciamento e tr&acirc;nsito livre para os autom&oacute;veis. Ontem, foram derrotadas a pol&iacute;tica de seguran&ccedil;a repressiva e a imprensa, ambos for&ccedil;ados a recuar.<\/p>\n<p>Tamb&eacute;m os governantes foram obrigados a recuar em seus discursos, moderando as cr&iacute;ticas ao movimento e reconhecendo que a luta pol&iacute;tica nas ruas exige respostas democr&aacute;ticas e solu&ccedil;&otilde;es concretas. Ref&eacute;m da &quot;ind&uacute;stria&quot; do transporte, o Poder P&uacute;blico na verdade depende do poder das ruas para mudar as coisas. Mas no pano de fundo, o que os governantes perceberam &eacute; que o movimento vem incorporando novas ferramentas de comunica&ccedil;&atilde;o, mobiiza&ccedil;&atilde;o e informa&ccedil;&atilde;o pol&iacute;tica muito mais poderosas que os velhos carros de som ou os editoriais dos jornal&otilde;es.<\/p>\n<p>J&aacute; passa da hora do Estado brasileiro tamb&eacute;m perder o medo da m&iacute;dia e apostar em sua juventude, que sabe se expressar e n&atilde;o se v&ecirc; nos meios de comunica&ccedil;&atilde;o de massa que o Brasil tem hoje,<\/p>\n<p>Para demonstrar respeito &agrave; essa juventude, o Congresso precisa votar o Marco Civil da Internet, sem cortes de garantias e liberdades. O governo precisa enviar e o Congresso precisa discutir e votar urgentemente um novo Marco Regulat&oacute;rio das Comunica&ccedil;&otilde;es. J&aacute; existe um Projeto de Lei de Iniciativa Popular que re&uacute;ne as principais propostas da primeira e &uacute;nica Conferencia Nacional de Comunica&ccedil;&atilde;o realizada at&eacute; agora, &agrave; revelia da grande m&iacute;dia, que fez de tudo para boicot&aacute;-la.<\/p>\n<p>O povo brasileiro merece o direito de reconstruir suas comunica&ccedil;&otilde;es e, por meio delas, discutir e assegurar pol&iacute;ticas p&uacute;blicas para o transporte, sa&uacute;de, educa&ccedil;&atilde;o e aprofundar sua democracia, em sintonia com a vontade das ruas. Ontem multid&otilde;es gritaram que &quot;o povo acordou&quot;. Que o povo ajude o governo e o congresso a que acordem tamb&eacute;m.<\/p>\n","protected":false},"excerpt":{"rendered":"<p>A sociedade preferiu apoiar os jovens e n&atilde;o uma imprensa que criminaliza os movimentos sociais e quer reduzir a idade penal. Pa&iacute;s precisa perder o medo de ouvir a juventude e garantir, em novas leis e pol&iacute;ticas, sua liberdade de express&atilde;o<\/p>\n","protected":false},"author":1,"featured_media":0,"comment_status":"open","ping_status":"open","sticky":false,"template":"","format":"standard","meta":{"footnotes":""},"categories":[42],"tags":[1770],"_links":{"self":[{"href":"https:\/\/obscom.intervozes.org.br\/index.php?rest_route=\/wp\/v2\/posts\/27477"}],"collection":[{"href":"https:\/\/obscom.intervozes.org.br\/index.php?rest_route=\/wp\/v2\/posts"}],"about":[{"href":"https:\/\/obscom.intervozes.org.br\/index.php?rest_route=\/wp\/v2\/types\/post"}],"author":[{"embeddable":true,"href":"https:\/\/obscom.intervozes.org.br\/index.php?rest_route=\/wp\/v2\/users\/1"}],"replies":[{"embeddable":true,"href":"https:\/\/obscom.intervozes.org.br\/index.php?rest_route=%2Fwp%2Fv2%2Fcomments&post=27477"}],"version-history":[{"count":0,"href":"https:\/\/obscom.intervozes.org.br\/index.php?rest_route=\/wp\/v2\/posts\/27477\/revisions"}],"wp:attachment":[{"href":"https:\/\/obscom.intervozes.org.br\/index.php?rest_route=%2Fwp%2Fv2%2Fmedia&parent=27477"}],"wp:term":[{"taxonomy":"category","embeddable":true,"href":"https:\/\/obscom.intervozes.org.br\/index.php?rest_route=%2Fwp%2Fv2%2Fcategories&post=27477"},{"taxonomy":"post_tag","embeddable":true,"href":"https:\/\/obscom.intervozes.org.br\/index.php?rest_route=%2Fwp%2Fv2%2Ftags&post=27477"}],"curies":[{"name":"wp","href":"https:\/\/api.w.org\/{rel}","templated":true}]}}