{"id":27476,"date":"2013-06-19T16:24:04","date_gmt":"2013-06-19T16:24:04","guid":{"rendered":"https:\/\/obscom.intervozes.org.br\/wordpress\/?p=27476"},"modified":"2014-09-07T03:03:10","modified_gmt":"2014-09-07T03:03:10","slug":"ministerio-anistia-radiodifusao-comercial-clandestina-e-fecha-comunitarias","status":"publish","type":"post","link":"https:\/\/obscom.intervozes.org.br\/?p=27476","title":{"rendered":"Minist\u00e9rio anistia radiodifus\u00e3o comercial clandestina e fecha comunit\u00e1rias"},"content":{"rendered":"<p><!--[if gte mso 9]><xml>  <w:WordDocument>   <w:View>Normal<\/w:View>   <w:Zoom>0<\/w:Zoom>   <w:HyphenationZone>21<\/w:HyphenationZone>   <w:PunctuationKerning\/>   <w:ValidateAgainstSchemas\/>   <w:SaveIfXMLInvalid>false<\/w:SaveIfXMLInvalid>   <w:IgnoreMixedContent>false<\/w:IgnoreMixedContent>   <w:AlwaysShowPlaceholderText>false<\/w:AlwaysShowPlaceholderText>   <w:Compatibility>    <w:BreakWrappedTables\/>    <w:SnapToGridInCell\/>    <w:WrapTextWithPunct\/>    <w:UseAsianBreakRules\/>    <w:DontGrowAutofit\/>   <\/w:Compatibility>   <w:BrowserLevel>MicrosoftInternetExplorer4<\/w:BrowserLevel>  <\/w:WordDocument> <\/xml><![endif]--><!--[if gte mso 9]><xml>  <w:WordDocument>   <w:View>Normal<\/w:View>   <w:Zoom>0<\/w:Zoom>   <w:HyphenationZone>21<\/w:HyphenationZone>   <w:PunctuationKerning\/>   <w:ValidateAgainstSchemas\/>   <w:SaveIfXMLInvalid>false<\/w:SaveIfXMLInvalid>   <w:IgnoreMixedContent>false<\/w:IgnoreMixedContent>   <w:AlwaysShowPlaceholderText>false<\/w:AlwaysShowPlaceholderText>   <w:Compatibility>    <w:BreakWrappedTables\/>    <w:SnapToGridInCell\/>    <w:WrapTextWithPunct\/>    <w:UseAsianBreakRules\/>    <w:DontGrowAutofit\/>   <\/w:Compatibility>   <w:BrowserLevel>MicrosoftInternetExplorer4<\/w:BrowserLevel>  <\/w:WordDocument> <\/xml><![endif]-->  <\/p>\n<p class=\"padrao\">Enquanto o governo federal trata as r&aacute;dios comunit&aacute;rias <a href=\"http:\/\/www.vivafavela.com.br\/materias\/anatel-e-pol%C3%ADcia-federal-fecham-r%C3%A1dio-comunit%C3%A1ria-santa-marta-fm\">como caso de pol&iacute;cia<\/a>, <a href=\"http:\/\/amarcbrasil.org\/minicom-perde-relatorios-dos-gts-sobre-radios-comunitarias\/\">sonega informa&ccedil;&otilde;es<\/a>, <a href=\"http:\/\/localhost\/intervozes_direitoacomunicacao\/wordpress\/?p=27401\">promove a sua criminaliza&ccedil;&atilde;o<\/a>, <a href=\"http:\/\/localhost\/intervozes_direitoacomunicacao\/wordpress\/?p=26444\">regula a radiodifus&atilde;o em seu desfavor<\/a> e <a href=\"http:\/\/www.abraconacional.org\/nota-publica-contra-o-descumprimento-dos-acordos-pelo-governo-federal\/\">descumpre acordos<\/a>, o tratamento para emissoras comerciais ilegais &eacute; diferente. Defensores da democratiza&ccedil;&atilde;o da comunica&ccedil;&atilde;o afirmam que de acordo com informa&ccedil;&otilde;es da Ag&ecirc;ncia Nacional de Telecomunica&ccedil;&otilde;es (Anatel) foram fechadas e lacradas cerca de 11 mil r&aacute;dios comunit&aacute;rias nos &uacute;ltimos oito anos. Por outro lado, o Minist&eacute;rio das Comunica&ccedil;&otilde;es decidiu montar uma for&ccedil;a tarefa que deve ser iniciada em julho para regularizar e anistiar 4.500 retransmissoras de TV que operam fora da norma h&aacute; anos.<\/p>\n<p>A maior parte dos casos diz respeito a prefeituras que, com o dinheiro p&uacute;blico e sem a outorga necess&aacute;ria, retransmitem o sinal de emissoras comerciais em munic&iacute;pios que a cobertura n&atilde;o alcan&ccedil;a. A a&ccedil;&atilde;o do Minist&eacute;rio deve come&ccedil;ar por Minas Gerais, estado que concentra a maior parte dos casos, com cerca de 2 mil retransmissoras irregulares. Em seguida, ser&aacute; a vez da Bahia e do Paran&aacute;.<\/p>\n<p>O Minist&eacute;rio justifica n&atilde;o poder realizar o fechamento das retransmissoras clandestinas pois isto significaria acabar com o sinal de TV dessas localidades. Em resposta &agrave; mat&eacute;ria da revista Tela Viva sobre o assunto, o ministro Paulo Bernardo disse: &quot;vou p&ocirc;r o pessoal para lacrar ou vou regularizar? Optamos pela segunda coisa&quot;.<\/p>\n<p>Entidades representantes das r&aacute;dios comunit&aacute;rias denunciam o tratamento privilegiado dado &agrave;s emissoras comerciais por parte do Minist&eacute;rio das Comunica&ccedil;&otilde;es, exemplificando que a fala do ministro n&atilde;o vale da mesma forma para os comunicadores que n&atilde;o est&atilde;o ligados &agrave;s prefeituras ou a empresas de radiodifus&atilde;o. Para Arthur William, da Associa&ccedil;&atilde;o Mundial das R&aacute;dios Comunit&aacute;rias (Amarc-Brasil), &ldquo;se o governo quer regularizar as comerciais ilegais, ele precisa tamb&eacute;m reconhecer a luta hist&oacute;rica das emissoras comunit&aacute;rias no pa&iacute;s&rdquo;.<\/p>\n<p><span>De acordo com&nbsp; <\/span>Jerry de Oliveira, do Movimento Nacional de R&aacute;dios Comunit&aacute;rias (MNDC), &ldquo;esta proposta de for&ccedil;a tarefa para agilizar processos &eacute; demanda do movimento nacional de r&aacute;dios comunit&aacute;rias, pois o tempo m&eacute;dio de outorga de r&aacute;dios comunit&aacute;rias &eacute; de oito a seis anos e existem apenas quatro funcion&aacute;rios cuidando dos processos de outorga das r&aacute;dios comunit&aacute;rias.<\/p>\n<p>A diferen&ccedil;a de tratamento dada &agrave;s emissoras comunit&aacute;rias e &agrave;s retransmissoras clandestinas &eacute; bastante contrastante para os defensores da democratiza&ccedil;&atilde;o da comunica&ccedil;&atilde;o. &ldquo;At&eacute; o momento nenhuma r&aacute;dio comunit&aacute;ria foi autorizada e est&aacute; funcionando pelos planos nacionais de outorga da gest&atilde;o Paulo Bernardo&rdquo;, critica Oliveira. &ldquo;Ele &eacute; o Feliciano das comunica&ccedil;&otilde;es&rdquo;, ironiza, fazendo refer&ecirc;ncia ao pastor que se tornou presidente da comiss&atilde;o de direitos humanos da c&acirc;mara de deputados.<\/p>\n<p>O Minist&eacute;rio das Comunica&ccedil;&otilde;es foi procurado pelo Observat&oacute;rio do Direito &agrave; Comunica&ccedil;&atilde;o e n&atilde;o se manifestou at&eacute; o encerramento dessa mat&eacute;ria.<\/p>\n<p>  <!--[if gte mso 9]><xml>  <w:LatentStyles DefLockedState=\"false\" LatentStyleCount=\"156\">  <\/w:LatentStyles> <\/xml><![endif]--><!--[if gte mso 10]> \n\n<style>  \/* Style Definitions *\/  table.MsoNormalTable \t{mso-style-name:\"Tabela normal\"; \tmso-tstyle-rowband-size:0; \tmso-tstyle-colband-size:0; \tmso-style-noshow:yes; \tmso-style-parent:\"\"; \tmso-padding-alt:0cm 5.4pt 0cm 5.4pt; \tmso-para-margin:0cm; \tmso-para-margin-bottom:.0001pt; \tmso-pagination:widow-orphan; \tfont-size:10.0pt; \tfont-family:\"Times New Roman\"; \tmso-ansi-language:#0400; \tmso-fareast-language:#0400; \tmso-bidi-language:#0400;} <\/style>\n\n <![endif]--><\/p>\n<p class=\"MsoNormal\">&nbsp;<\/p>\n<p class=\"MsoNormal\">&nbsp;<\/p>\n<p>  <!--[if gte mso 9]><xml>  <w:LatentStyles DefLockedState=\"false\" LatentStyleCount=\"156\">  <\/w:LatentStyles> <\/xml><![endif]--><!--[if gte mso 10]> \n\n<style>  \/* Style Definitions *\/  table.MsoNormalTable \t{mso-style-name:\"Tabela normal\"; \tmso-tstyle-rowband-size:0; \tmso-tstyle-colband-size:0; \tmso-style-noshow:yes; \tmso-style-parent:\"\"; \tmso-padding-alt:0cm 5.4pt 0cm 5.4pt; \tmso-para-margin:0cm; \tmso-para-margin-bottom:.0001pt; \tmso-pagination:widow-orphan; \tfont-size:10.0pt; \tfont-family:\"Times New Roman\"; \tmso-ansi-language:#0400; \tmso-fareast-language:#0400; \tmso-bidi-language:#0400;} <\/style>\n\n <![endif]--><\/p>\n","protected":false},"excerpt":{"rendered":"<p><!--[if gte mso 9]><xml>  <w:WordDocument>   <w:View>Normal<\/w:View>   <w:Zoom>0<\/w:Zoom>   <w:HyphenationZone>21<\/w:HyphenationZone>   <w:PunctuationKerning\/>   <w:ValidateAgainstSchemas\/>   <w:SaveIfXMLInvalid>false<\/w:SaveIfXMLInvalid>   <w:IgnoreMixedContent>false<\/w:IgnoreMixedContent>   <w:AlwaysShowPlaceholderText>false<\/w:AlwaysShowPlaceholderText>   <w:Compatibility>    <w:BreakWrappedTables\/>    <w:SnapToGridInCell\/>    <w:WrapTextWithPunct\/>    <w:UseAsianBreakRules\/>    <w:DontGrowAutofit\/>   <\/w:Compatibility>   <w:BrowserLevel>MicrosoftInternetExplorer4<\/w:BrowserLevel>  <\/w:WordDocument> <\/xml><![endif]-->  <\/p>\n<p class=\"MsoNormal\">Ministro Paulo Bernardo diz que regularizar &eacute; melhor que lacrar, mas, na pr&aacute;tica, s&oacute; faz valer a id&eacute;ia para o benef&iacute;cio das emissoras comerciais de TV<\/p>\n<p>  <!--[if gte mso 9]><xml>  <w:LatentStyles DefLockedState=\"false\" LatentStyleCount=\"156\">  <\/w:LatentStyles> <\/xml><![endif]--><!--[if gte mso 10]> \n\n<style>  \/* Style Definitions *\/  table.MsoNormalTable \t{mso-style-name:\"Tabela normal\"; \tmso-tstyle-rowband-size:0; \tmso-tstyle-colband-size:0; \tmso-style-noshow:yes; \tmso-style-parent:\"\"; \tmso-padding-alt:0cm 5.4pt 0cm 5.4pt; \tmso-para-margin:0cm; \tmso-para-margin-bottom:.0001pt; \tmso-pagination:widow-orphan; \tfont-size:10.0pt; \tfont-family:\"Times New Roman\"; \tmso-ansi-language:#0400; \tmso-fareast-language:#0400; \tmso-bidi-language:#0400;} <\/style>\n\n <![endif]--><\/p>\n","protected":false},"author":1,"featured_media":0,"comment_status":"open","ping_status":"open","sticky":false,"template":"","format":"standard","meta":{"footnotes":""},"categories":[40],"tags":[1769],"_links":{"self":[{"href":"https:\/\/obscom.intervozes.org.br\/index.php?rest_route=\/wp\/v2\/posts\/27476"}],"collection":[{"href":"https:\/\/obscom.intervozes.org.br\/index.php?rest_route=\/wp\/v2\/posts"}],"about":[{"href":"https:\/\/obscom.intervozes.org.br\/index.php?rest_route=\/wp\/v2\/types\/post"}],"author":[{"embeddable":true,"href":"https:\/\/obscom.intervozes.org.br\/index.php?rest_route=\/wp\/v2\/users\/1"}],"replies":[{"embeddable":true,"href":"https:\/\/obscom.intervozes.org.br\/index.php?rest_route=%2Fwp%2Fv2%2Fcomments&post=27476"}],"version-history":[{"count":2,"href":"https:\/\/obscom.intervozes.org.br\/index.php?rest_route=\/wp\/v2\/posts\/27476\/revisions"}],"predecessor-version":[{"id":28322,"href":"https:\/\/obscom.intervozes.org.br\/index.php?rest_route=\/wp\/v2\/posts\/27476\/revisions\/28322"}],"wp:attachment":[{"href":"https:\/\/obscom.intervozes.org.br\/index.php?rest_route=%2Fwp%2Fv2%2Fmedia&parent=27476"}],"wp:term":[{"taxonomy":"category","embeddable":true,"href":"https:\/\/obscom.intervozes.org.br\/index.php?rest_route=%2Fwp%2Fv2%2Fcategories&post=27476"},{"taxonomy":"post_tag","embeddable":true,"href":"https:\/\/obscom.intervozes.org.br\/index.php?rest_route=%2Fwp%2Fv2%2Ftags&post=27476"}],"curies":[{"name":"wp","href":"https:\/\/api.w.org\/{rel}","templated":true}]}}