{"id":27474,"date":"2013-06-17T14:12:06","date_gmt":"2013-06-17T14:12:06","guid":{"rendered":"https:\/\/obscom.intervozes.org.br\/wordpress\/?p=27474"},"modified":"2013-06-17T14:12:06","modified_gmt":"2013-06-17T14:12:06","slug":"espirito-santo-debate-os-rumos-e-o-papel-da-comunicacao-publica","status":"publish","type":"post","link":"https:\/\/obscom.intervozes.org.br\/?p=27474","title":{"rendered":"Esp\u00edrito Santo debate os rumos e o papel da comunica\u00e7\u00e3o p\u00fablica"},"content":{"rendered":"<p><strong>Reda&ccedil;&atilde;o &#8211; Observat&oacute;rio do Direito &agrave; Comunica&ccedil;&atilde;o<\/strong><\/p>\n<p>Com o objetivo debater o papel e a import&acirc;ncia da comunica&ccedil;&atilde;o como ferramenta de informa&ccedil;&atilde;o &agrave; sociedade e de divulga&ccedil;&atilde;o das a&ccedil;&otilde;es desenvolvidas pelos poderes p&uacute;blicos, ser&aacute; realizado no pr&oacute;ximo dia 21 de junho (sexta), o Semin&aacute;rio Estadual Sobre os Rumos e o Papel da Comunica&ccedil;&atilde;o P&uacute;blica, promovido pela Secretaria de Comunica&ccedil;&atilde;o Social da Assembleia Legislativa (Ales), junto com a Comiss&atilde;o de Cultura e Comunica&ccedil;&atilde;o Social da Ales e com o Observat&oacute;rio da M&iacute;dia, da Universidade Federal do Esp&iacute;rito Santo (Ufes). <\/p>\n<p>O evento acontecer&aacute; no Plen&aacute;rio Dirceu Cardoso da Ales, das 9 &agrave;s 18 horas, e &eacute; destinado aos profissionais da &aacute;rea de comunica&ccedil;&atilde;o dos poderes Legislativo e Executivo estadual e municipais, al&eacute;m de outras institui&ccedil;&otilde;es p&uacute;blicas.<\/p>\n<p>Mais informa&ccedil;&otilde;es e inscri&ccedil;&otilde;es no site do <a href=\"http:\/\/www.ufes.br\/observatoriodamidia\/\">Observat&oacute;rio da M&iacute;dia<\/a>  e da <a href=\"http:\/\/www.al.es.gov.br\/portal\/seminario_estadual.html\">ALES<\/a>.<\/p>\n<p>O evento ser&aacute; transmitido ao vivo pela <a href=\"http:\/\/www.al.es.gov.br\/portal\/frmTvAlesSubsite.aspx\">TV Assembleia<\/a> .<\/p>\n","protected":false},"excerpt":{"rendered":"<p>Reda&ccedil;&atilde;o &#8211; Observat&oacute;rio do Direito &agrave; Comunica&ccedil;&atilde;o Com o objetivo debater o papel e a import&acirc;ncia da comunica&ccedil;&atilde;o como ferramenta de informa&ccedil;&atilde;o &agrave; sociedade e de divulga&ccedil;&atilde;o das a&ccedil;&otilde;es desenvolvidas pelos poderes p&uacute;blicos, ser&aacute; realizado no pr&oacute;ximo dia 21 de junho (sexta), o Semin&aacute;rio Estadual Sobre os Rumos e o Papel da Comunica&ccedil;&atilde;o P&uacute;blica, promovido &hellip; <a href=\"https:\/\/obscom.intervozes.org.br\/?p=27474\" class=\"more-link\">Continue lendo <span class=\"screen-reader-text\">Esp\u00edrito Santo debate os rumos e o papel da comunica\u00e7\u00e3o p\u00fablica<\/span> <span class=\"meta-nav\">&rarr;<\/span><\/a><\/p>\n","protected":false},"author":1,"featured_media":0,"comment_status":"open","ping_status":"open","sticky":false,"template":"","format":"standard","meta":{"footnotes":""},"categories":[39],"tags":[],"_links":{"self":[{"href":"https:\/\/obscom.intervozes.org.br\/index.php?rest_route=\/wp\/v2\/posts\/27474"}],"collection":[{"href":"https:\/\/obscom.intervozes.org.br\/index.php?rest_route=\/wp\/v2\/posts"}],"about":[{"href":"https:\/\/obscom.intervozes.org.br\/index.php?rest_route=\/wp\/v2\/types\/post"}],"author":[{"embeddable":true,"href":"https:\/\/obscom.intervozes.org.br\/index.php?rest_route=\/wp\/v2\/users\/1"}],"replies":[{"embeddable":true,"href":"https:\/\/obscom.intervozes.org.br\/index.php?rest_route=%2Fwp%2Fv2%2Fcomments&post=27474"}],"version-history":[{"count":0,"href":"https:\/\/obscom.intervozes.org.br\/index.php?rest_route=\/wp\/v2\/posts\/27474\/revisions"}],"wp:attachment":[{"href":"https:\/\/obscom.intervozes.org.br\/index.php?rest_route=%2Fwp%2Fv2%2Fmedia&parent=27474"}],"wp:term":[{"taxonomy":"category","embeddable":true,"href":"https:\/\/obscom.intervozes.org.br\/index.php?rest_route=%2Fwp%2Fv2%2Fcategories&post=27474"},{"taxonomy":"post_tag","embeddable":true,"href":"https:\/\/obscom.intervozes.org.br\/index.php?rest_route=%2Fwp%2Fv2%2Ftags&post=27474"}],"curies":[{"name":"wp","href":"https:\/\/api.w.org\/{rel}","templated":true}]}}