{"id":27473,"date":"2013-06-12T15:54:42","date_gmt":"2013-06-12T15:54:42","guid":{"rendered":"https:\/\/obscom.intervozes.org.br\/wordpress\/?p=27473"},"modified":"2013-06-12T15:54:42","modified_gmt":"2013-06-12T15:54:42","slug":"intervozes-realiza-tres-dias-de-debates-sobre-politicas-de-comunicacao-no-brasil","status":"publish","type":"post","link":"https:\/\/obscom.intervozes.org.br\/?p=27473","title":{"rendered":"Intervozes realiza tr\u00eas dias de debates sobre pol\u00edticas de comunica\u00e7\u00e3o no Brasil"},"content":{"rendered":"<p>As atividades, intituladas &ldquo;A esperan&ccedil;a n&atilde;o vem do mar nem das antenas de TV? Pol&iacute;ticas e direito &agrave; comunica&ccedil;&atilde;o hoje&rdquo;, v&atilde;o reunir palestrantes da sociedade civil organizada, da academia e do governo. A ideia &eacute; aprofundar temas em discuss&atilde;o atualmente que podem mudar os rumos da comunica&ccedil;&atilde;o no Brasil, atrav&eacute;s de debate, lan&ccedil;amento de livro e minicurso, todos gratuitos.<\/p>\n<p>Na quinta-feira, dia 27, o debate &ldquo;Canal da Cidadania: mais pluralidade e diversidade ou mais uma miragem na TV digital?&rdquo; tem como palestrantes Cl&aacute;udia de Abreu (Frente Ampla pela Liberdade de Express&atilde;o e pelo Direito &agrave; Comunica&ccedil;&atilde;o &ndash; Fale-Rio); Arthur William (Associa&ccedil;&atilde;o Mundial de R&aacute;dios Comunit&aacute;rias &ndash; Amarc), Oct&aacute;vio Pieranti (Minist&eacute;rio das Comunica&ccedil;&otilde;es) e representante da Prefeitura do Rio de Janeiro (a confirmar).<\/p>\n<p>O Canal da Cidadania estava previsto no decreto que regulamenta a TV digital no Brasil, de 2006, mas somente no ano passado foi publicada uma portaria com as regras para sua outorga. Com a implementa&ccedil;&atilde;o do Canal, haver&aacute; quatro faixas de programa&ccedil;&atilde;o: uma para o poder executivo municipal; uma para a C&acirc;mara dos Vereadores e duas para a sociedade civil.<\/p>\n<p>Os desafios para a garantia da internet de qualidade para todos ser&atilde;o discutidos na sexta-feira, 28, a partir do lan&ccedil;amento do livro &ldquo;Caminhos para a universaliza&ccedil;&atilde;o da Internet banda larga: experi&ecirc;ncias internacionais e desafios brasileiros&rdquo;.<\/p>\n<p>A publica&ccedil;&atilde;o mapeia as principais estrat&eacute;gias governamentais para a inclus&atilde;o digital, em diferentes pa&iacute;ses. A pesquisa foi realizada pelo Coletivo Intervozes com apoio do Comit&ecirc; Gestor da Internet no Brasil (CGI.br) e conta com um site (<a href=\"www.caminhosdabandalarga.org.br\">www.caminhosdabandalarga.org.br<\/a> ) que disponibiliza o livro interativo, entre outros recursos. A publica&ccedil;&atilde;o tem 405 p&aacute;ginas e custa 30 reais.<\/p>\n<p>O debate vai contar com Jonas Valente (pesquisador do livro, mestre em Comunica&ccedil;&atilde;o pela Universidade de Bras&iacute;lia &ndash; UnB &ndash; e integrante do Coletivo Intervozes), Marcos Dantas (professor doutor da Escola de Comunica&ccedil;&atilde;o &ndash; ECO\/UFRJ) e Graciela Selaimen (Instituto Nupef &ndash; N&uacute;cleo de Pesquisas, Estudos e Forma&ccedil;&atilde;o).<\/p>\n<p>O fechamento das atividades acontece no s&aacute;bado, dia 29, com um curso sobre radiodifus&atilde;o no Brasil, ministrado pela professora doutora Suzy dos Santos (ECO\/UFRJ) e por Jonas Valente. Pela manh&atilde;, a professora vai ministrar a aula &ldquo;Poder e m&iacute;dia: economia e pol&iacute;tica da legisla&ccedil;&atilde;o da radiodifus&atilde;o no Brasil&rdquo;, para situar como se organiza o setor no pa&iacute;s.<\/p>\n<p>&Agrave; tarde, Jonas Valente vai discorrer sobre o tema &ldquo;Para expressar a liberdade: movimento pelo direito &agrave; comunica&ccedil;&atilde;o e o projeto de lei de m&iacute;dia eletr&ocirc;nica&rdquo;, com enfoque sobre o debate em curso acerca de uma nova lei brasileira para r&aacute;dio e TV.<\/p>\n<p>As atividades s&atilde;o uma realiza&ccedil;&atilde;o do Intervozes &ndash; Coletivo Brasil de Comunica&ccedil;&atilde;o Social, em parceria com o grupo de pesquisa Pol&iacute;ticas e Economia Pol&iacute;tica da Informa&ccedil;&atilde;o e da Comunica&ccedil;&atilde;o (PEIC) da ECO\/UFRJ.<\/p>\n<p><strong>SERVI&Ccedil;O<\/strong><br \/>&ldquo;A esperan&ccedil;a n&atilde;o vem do mar nem das antenas de TV? Pol&iacute;ticas e direito &agrave; comunica&ccedil;&atilde;o hoje&rdquo;<br \/>Datas: 27, 28 e 29 de junho<br \/>Hor&aacute;rios: 18h30min (27 e 28 de junho) \/ 9h-12h e 14h-17h (29 de junho)<br \/>Local: Campus da Praia Vermelha da UFRJ, Avenida Pasteur, 250 &ndash; Fundos &ndash; Urca (ver local de cada atividade abaixo).<br \/>Inscri&ccedil;&otilde;es gratuitas: <a href=\"http:\/\/bit.ly\/cursointervozes2013\">http:\/\/bit.ly\/cursointervozes2013<br \/><\/a> <br \/><strong>Mais informa&ccedil;&otilde;es:<\/strong><br \/>Daniel Fons&ecirc;ca &ndash; (21) 7901-1122 | fonsecaufc@gmail.com<br \/>Ol&iacute;via Bandeira &ndash; (21) 8800-8996 | oliviabandeira@gmail.com<br \/>Iara Moura &ndash; (21) 6942-0910 | iaragmoura@gmail.com<\/p>\n<p><strong>PROGRAMA&Ccedil;&Atilde;O<\/strong><br \/>Dia 27 jun. 2013, 18h30min, Audit&oacute;rio da Central de Produ&ccedil;&atilde;o Multim&iacute;dia da Escola de Comunica&ccedil;&atilde;o (CPM-ECO) &ndash; Av. Pasteur, 250 &ndash; Fundos &ndash; Urca. Canal da Cidadania: mais pluralidade e diversidade ou mais uma miragem da TV digital?<\/p>\n<p>Dia 28 jun. 2013, 18h30min, Audit&oacute;rio da Central de Produ&ccedil;&atilde;o Multim&iacute;dia da Escola de Comunica&ccedil;&atilde;o (CPM-ECO) &ndash; Av. Pasteur, 250 &ndash; Fundos &ndash; Urca. Lan&ccedil;amento do livro &ldquo;Caminhos para a universaliza&ccedil;&atilde;o da Internet banda larga: experi&ecirc;ncias internacionais e desafios brasileiros&rdquo;<\/p>\n<p>Dia 29 jun. 2013, Audit&oacute;rio da Central de Produ&ccedil;&atilde;o Multim&iacute;dia da Escola de Comunica&ccedil;&atilde;o (CPM-ECO) &ndash; Av. Pasteur, 250 &ndash; Fundos &ndash; Urca. Marco regulat&oacute;rio e a campanha por uma nova lei de m&iacute;dia no Brasil<\/p>\n<p>Manh&atilde; (9h-12h) &ndash; Poder e m&iacute;dia: economia e pol&iacute;tica da legisla&ccedil;&atilde;o da radiodifus&atilde;o no Brasil &ndash; Suzy dos Santos (professora adjunta da ECO\/UFRJ e integrante do grupo de pesquisa PEIC)<\/p>\n<p>Tarde (14h-17h) &ndash; Para expressar a liberdade: movimento pelo direito &agrave; comunica&ccedil;&atilde;o e o projeto de lei de m&iacute;dia eletr&ocirc;nica &ndash; Jonas Valente (mestre em Comunica&ccedil;&atilde;o pela UnB e integrante do Coletivo Intervozes)<\/p>\n","protected":false},"excerpt":{"rendered":"<p>Novas regras para televis&atilde;o, internet banda larga, radiodifus&atilde;o e projeto de lei das comunica&ccedil;&otilde;es ser&atilde;o discutidos nos dias 27, 28 e 29 de junho, na Universidade Federal do Rio de Janeiro (UFRJ).<\/p>\n","protected":false},"author":1,"featured_media":0,"comment_status":"open","ping_status":"open","sticky":false,"template":"","format":"standard","meta":{"footnotes":""},"categories":[40],"tags":[978],"_links":{"self":[{"href":"https:\/\/obscom.intervozes.org.br\/index.php?rest_route=\/wp\/v2\/posts\/27473"}],"collection":[{"href":"https:\/\/obscom.intervozes.org.br\/index.php?rest_route=\/wp\/v2\/posts"}],"about":[{"href":"https:\/\/obscom.intervozes.org.br\/index.php?rest_route=\/wp\/v2\/types\/post"}],"author":[{"embeddable":true,"href":"https:\/\/obscom.intervozes.org.br\/index.php?rest_route=\/wp\/v2\/users\/1"}],"replies":[{"embeddable":true,"href":"https:\/\/obscom.intervozes.org.br\/index.php?rest_route=%2Fwp%2Fv2%2Fcomments&post=27473"}],"version-history":[{"count":0,"href":"https:\/\/obscom.intervozes.org.br\/index.php?rest_route=\/wp\/v2\/posts\/27473\/revisions"}],"wp:attachment":[{"href":"https:\/\/obscom.intervozes.org.br\/index.php?rest_route=%2Fwp%2Fv2%2Fmedia&parent=27473"}],"wp:term":[{"taxonomy":"category","embeddable":true,"href":"https:\/\/obscom.intervozes.org.br\/index.php?rest_route=%2Fwp%2Fv2%2Fcategories&post=27473"},{"taxonomy":"post_tag","embeddable":true,"href":"https:\/\/obscom.intervozes.org.br\/index.php?rest_route=%2Fwp%2Fv2%2Ftags&post=27473"}],"curies":[{"name":"wp","href":"https:\/\/api.w.org\/{rel}","templated":true}]}}