{"id":27472,"date":"2013-06-12T15:33:12","date_gmt":"2013-06-12T15:33:12","guid":{"rendered":"https:\/\/obscom.intervozes.org.br\/wordpress\/?p=27472"},"modified":"2013-06-12T15:33:12","modified_gmt":"2013-06-12T15:33:12","slug":"a-prisao-de-pedrao-nogueira-a-cultura-jornalistica-e-a-democratizacao-da-comunicacao-no-brasil","status":"publish","type":"post","link":"https:\/\/obscom.intervozes.org.br\/?p=27472","title":{"rendered":"A pris\u00e3o de Pedr\u00e3o Nogueira, a cultura jornal\u00edstica e a democratiza\u00e7\u00e3o da comunica\u00e7\u00e3o no Brasil"},"content":{"rendered":"<p>O que a pris&atilde;o do jornalista Pedro Nogueira revela sobre a cultura jornal&iacute;stica brasileira? Foi com essa quest&atilde;o que me peguei a refletir na manh&atilde; desta quarta-feira, dia 12 de junho, dia posterior &agrave; manifesta&ccedil;&atilde;o que parou a cidade de S&atilde;o Paulo, em defesa do direito de ir e vir, pela redu&ccedil;&atilde;o da tarifa do transporte, pela tarifa zero para estudantes e por transporte coletivo de qualidade e 24 horas. Sim, aos desatentos, todas essas s&atilde;o pautas do Movimento Passe Livre, principal, mas n&atilde;o o &uacute;nico, articulador desses protestos. <\/p>\n<p>Bom, eu queria falar sobre o protesto, da trucul&ecirc;ncia policial, da hipocrisia m&eacute;dio-classista e da intoler&acirc;ncia burguesa, todos arremedos das cenas televisivamente acompanhadas nos &uacute;ltimos dias. Mas vou me deter ao ponto que trata o t&iacute;tulo deste texto, a rela&ccedil;&atilde;o entre a pris&atilde;o do jornalista Pedro Nogueira e a democratiza&ccedil;&atilde;o da comunica&ccedil;&atilde;o no pa&iacute;s. <\/p>\n<p>Ao que parece, dentre os jornalistas, a maioria fot&oacute;grafos, detidos durante as manifesta&ccedil;&otilde;es de ter&ccedil;a, 11, o &uacute;nico que continua preso &eacute; Pedro Nogueira. N&atilde;o por acaso, ele n&atilde;o &eacute; parte do grupo de jornalistas que atua na chamada grande m&iacute;dia brasileira. Ele &eacute; jornalista do Portal Aprendiz.<\/p>\n<p>Pedr&atilde;o, como &eacute; conhecido entre os amigos, foi preso porque, de certa forma, rompeu com uma premissa muito bem consolidada na cultura jornal&iacute;stica brasileira, que coloca o jornalismo como um relato imparcial da realidade. &Eacute; preciso ter culh&otilde;es para, num ato de solidariedade, romper com o papel de mero espectador imparcial dos acontecimentos e assumir o lado dos que est&atilde;o sendo oprimidos (nesse caso, como <a href=\"http:\/\/blogdosakamoto.blogosfera.uol.com.br\/2013\/06\/12\/jornalistas-sao-detidos-em-protesto-em-sao-paulo-a-pm-tem-saudades-da-ditadura\/\">relatou em seu blog o jornalista Leonardo Sakamoto<\/a> , duas jovens que estavam sendo agredidas por policiais).<\/p>\n<p>Para al&eacute;m de sua coragem cidad&atilde;, &eacute; preciso pensar que, n&atilde;o se trata de fato menor ou menos importante, se a atitude de Pedr&atilde;o for pensada a partir da leitura de uma cultura jornal&iacute;stica praticada no pa&iacute;s. Pois o ato de Pedr&atilde;o (mesmo que involuntariamente) p&otilde;e em xeque uma tradi&ccedil;&atilde;o norte-americana impressa, h&aacute; anos, no jornalismo brasileiro e que, coloca em lugar de conforto, os grandes jornais do pa&iacute;s. Afinal, segundo essa parcela, n&atilde;o h&aacute; o que opinar, n&atilde;o h&aacute; o que defender, pois o que &eacute; posto &agrave; luz &eacute; &ldquo;a verdade dos fatos&rdquo;. Enquanto isso, seguem, nas entrelinhas, nas artimanhas do discurso, construindo imagin&aacute;rios sociais cada vez mais un&iacute;ssonos, sem divergentes. <\/p>\n<p>Essa cultura jornal&iacute;stica ajudou a consolidar o padr&atilde;o do jornalismo brasileiro (um tipo c&iacute;nico de jornalismo, que se diz imparcial, mas se mostra editorializado). E, por consequ&ecirc;ncia, esse jornalismo assume papel fundamental na consolida&ccedil;&atilde;o dos grandes conglomerados de m&iacute;dia: tudo que n&atilde;o est&aacute; ali, reportado nos grandes jornal&otilde;es, n&atilde;o &eacute; verdade ou n&atilde;o existe; e tudo que se mostra em perspectiva divergente &eacute; o n&atilde;o-jornalismo ou, quando muito, at&eacute; tachado como partidarizado. E isso, mostra-se na pr&oacute;pria dedu&ccedil;&atilde;o do delegado respons&aacute;vel pelos jornalistas detidos na manifesta&ccedil;&atilde;o: afinal os jornalistas credenciados pela grande m&iacute;dia s&atilde;o considerados leg&iacute;timos e os que v&ecirc;m dos meios alternativos e\/ou populares s&atilde;o tidos como parte dos acontecimentos. O que &eacute;, portanto, sempre ignorado nessa perspectiva, &eacute; que todos somos parte dos acontecimentos, jornalistas ou n&atilde;o.<\/p>\n<p>Penso que a proposta de uma regulamenta&ccedil;&atilde;o dos meios de comunica&ccedil;&atilde;o no Brasil, como vem sendo proposto pelo <a href=\"http:\/\/www.paraexpressaraliberdade.org.br\/\">Projeto de Lei da M&iacute;dia Democr&aacute;tica<\/a> , tem um importante papel a cumprir ao incentivar e garantir que um debate mais amplo seja feito na sociedade. Afinal, por que apenas alguns grupos s&atilde;o leg&iacute;timos para reportar os acontecimentos sociais quando, falando em meios eletr&ocirc;nicos (r&aacute;dios e TVs), esses s&atilde;o concess&otilde;es p&uacute;blicas que deveriam minimamente diversificar os olhares sobres os tais acontecimentos? <\/p>\n<p>Essa &eacute; uma pergunta para se refletir, pois a cultura jornal&iacute;stica, mais uma vez posta em xeque, vai al&eacute;m dos meios eletr&ocirc;nicos, mas pensar e debater sobre isso &eacute; sem d&uacute;vida um primeiro passo.<\/p>\n","protected":false},"excerpt":{"rendered":"<p>A deten&ccedil;&atilde;o de jornalistas durante um protesto em S&atilde;o Paulo com a posterior libera&ccedil;&atilde;o somente daqueles ligados aos &quot;jornal&otilde;es&quot; revela um pouco da rela&ccedil;&atilde;o entre democracia e comunica&ccedil;&atilde;o no Brasil.<\/p>\n","protected":false},"author":1,"featured_media":0,"comment_status":"open","ping_status":"open","sticky":false,"template":"","format":"standard","meta":{"footnotes":""},"categories":[42],"tags":[363],"_links":{"self":[{"href":"https:\/\/obscom.intervozes.org.br\/index.php?rest_route=\/wp\/v2\/posts\/27472"}],"collection":[{"href":"https:\/\/obscom.intervozes.org.br\/index.php?rest_route=\/wp\/v2\/posts"}],"about":[{"href":"https:\/\/obscom.intervozes.org.br\/index.php?rest_route=\/wp\/v2\/types\/post"}],"author":[{"embeddable":true,"href":"https:\/\/obscom.intervozes.org.br\/index.php?rest_route=\/wp\/v2\/users\/1"}],"replies":[{"embeddable":true,"href":"https:\/\/obscom.intervozes.org.br\/index.php?rest_route=%2Fwp%2Fv2%2Fcomments&post=27472"}],"version-history":[{"count":0,"href":"https:\/\/obscom.intervozes.org.br\/index.php?rest_route=\/wp\/v2\/posts\/27472\/revisions"}],"wp:attachment":[{"href":"https:\/\/obscom.intervozes.org.br\/index.php?rest_route=%2Fwp%2Fv2%2Fmedia&parent=27472"}],"wp:term":[{"taxonomy":"category","embeddable":true,"href":"https:\/\/obscom.intervozes.org.br\/index.php?rest_route=%2Fwp%2Fv2%2Fcategories&post=27472"},{"taxonomy":"post_tag","embeddable":true,"href":"https:\/\/obscom.intervozes.org.br\/index.php?rest_route=%2Fwp%2Fv2%2Ftags&post=27472"}],"curies":[{"name":"wp","href":"https:\/\/api.w.org\/{rel}","templated":true}]}}