{"id":27469,"date":"2013-06-11T10:26:40","date_gmt":"2013-06-11T10:26:40","guid":{"rendered":"https:\/\/obscom.intervozes.org.br\/wordpress\/?p=27469"},"modified":"2013-06-11T10:26:40","modified_gmt":"2013-06-11T10:26:40","slug":"audiencia-publica-em-recife-discute-classificacao-indicativa","status":"publish","type":"post","link":"https:\/\/obscom.intervozes.org.br\/?p=27469","title":{"rendered":"Audi\u00eancia p\u00fablica em Recife discute classifica\u00e7\u00e3o indicativa"},"content":{"rendered":"<p><strong>Reda&ccedil;&atilde;o &#8211; Escola de Conselhos de Pernambuco<\/strong><\/p>\n<p>A &ldquo;Classifica&ccedil;&atilde;o indicativa e os direitos da inf&acirc;ncia&rdquo; ser&aacute; tema de audi&ecirc;ncia p&uacute;blica, na ter&ccedil;a-feira (11\/06), a partir das 10h, na Assembleia Legislativa de Pernambuco (Alepe). O evento, promovido pelo Minist&eacute;rio da Justi&ccedil;a, a Unesco e pela Escola de Conselhos de Pernambuco, marca o lan&ccedil;amento estadual da campanha &ldquo;N&atilde;o se Engane&rdquo;, um alerta para os pais sobre a influ&ecirc;ncia de obras audiovisuais na forma&ccedil;&atilde;o de crian&ccedil;as e adolescentes.<\/p>\n<p>A Classifica&ccedil;&atilde;o indicativa est&aacute; regulamentada no Estatuto da Crian&ccedil;a e do Adolescente, tendo recebido aperfei&ccedil;oamentos nos &uacute;ltimos anos. Entre os principais indicadores na avalia&ccedil;&atilde;o est&atilde;o conte&uacute;dos que apresentam viol&ecirc;ncia, sexo e nudez, ou uso de drogas. Para a audi&ecirc;ncia p&uacute;blica, na Alepe, foram convidados representantes do Minist&eacute;rio da Justi&ccedil;a, do Conselho Estado do Conselho Estadual de Defesa dos Direitos da Crian&ccedil;a e do Adolescente, do F&oacute;rum Pernambucano de Comunica&ccedil;&atilde;o (Fopecom) e do Sindicado dos Jornalistas de Pernambuco (Sinjope).<\/p>\n","protected":false},"excerpt":{"rendered":"<p>Reda&ccedil;&atilde;o &#8211; Escola de Conselhos de Pernambuco A &ldquo;Classifica&ccedil;&atilde;o indicativa e os direitos da inf&acirc;ncia&rdquo; ser&aacute; tema de audi&ecirc;ncia p&uacute;blica, na ter&ccedil;a-feira (11\/06), a partir das 10h, na Assembleia Legislativa de Pernambuco (Alepe). O evento, promovido pelo Minist&eacute;rio da Justi&ccedil;a, a Unesco e pela Escola de Conselhos de Pernambuco, marca o lan&ccedil;amento estadual da campanha &hellip; <a href=\"https:\/\/obscom.intervozes.org.br\/?p=27469\" class=\"more-link\">Continue lendo <span class=\"screen-reader-text\">Audi\u00eancia p\u00fablica em Recife discute classifica\u00e7\u00e3o indicativa<\/span> <span class=\"meta-nav\">&rarr;<\/span><\/a><\/p>\n","protected":false},"author":1,"featured_media":0,"comment_status":"open","ping_status":"open","sticky":false,"template":"","format":"standard","meta":{"footnotes":""},"categories":[39],"tags":[],"_links":{"self":[{"href":"https:\/\/obscom.intervozes.org.br\/index.php?rest_route=\/wp\/v2\/posts\/27469"}],"collection":[{"href":"https:\/\/obscom.intervozes.org.br\/index.php?rest_route=\/wp\/v2\/posts"}],"about":[{"href":"https:\/\/obscom.intervozes.org.br\/index.php?rest_route=\/wp\/v2\/types\/post"}],"author":[{"embeddable":true,"href":"https:\/\/obscom.intervozes.org.br\/index.php?rest_route=\/wp\/v2\/users\/1"}],"replies":[{"embeddable":true,"href":"https:\/\/obscom.intervozes.org.br\/index.php?rest_route=%2Fwp%2Fv2%2Fcomments&post=27469"}],"version-history":[{"count":0,"href":"https:\/\/obscom.intervozes.org.br\/index.php?rest_route=\/wp\/v2\/posts\/27469\/revisions"}],"wp:attachment":[{"href":"https:\/\/obscom.intervozes.org.br\/index.php?rest_route=%2Fwp%2Fv2%2Fmedia&parent=27469"}],"wp:term":[{"taxonomy":"category","embeddable":true,"href":"https:\/\/obscom.intervozes.org.br\/index.php?rest_route=%2Fwp%2Fv2%2Fcategories&post=27469"},{"taxonomy":"post_tag","embeddable":true,"href":"https:\/\/obscom.intervozes.org.br\/index.php?rest_route=%2Fwp%2Fv2%2Ftags&post=27469"}],"curies":[{"name":"wp","href":"https:\/\/api.w.org\/{rel}","templated":true}]}}