{"id":27468,"date":"2013-06-10T21:16:40","date_gmt":"2013-06-10T21:16:40","guid":{"rendered":"https:\/\/obscom.intervozes.org.br\/wordpress\/?p=27468"},"modified":"2013-06-10T21:16:40","modified_gmt":"2013-06-10T21:16:40","slug":"rio-de-janeiro-tera-audiencia-publica-para-discutir-padrao-para-o-radio-digital","status":"publish","type":"post","link":"https:\/\/obscom.intervozes.org.br\/?p=27468","title":{"rendered":"Rio de Janeiro ter\u00e1 audi\u00eancia p\u00fablica para discutir padr\u00e3o para o r\u00e1dio digital"},"content":{"rendered":"<p><strong>Reda&ccedil;&atilde;o &#8211; MNRC<\/strong><\/p>\n<p>No &uacute;ltimo dia 29 de abril, r&aacute;dios comunit&aacute;rias, parlamentares, lideran&ccedil;as de movimentos sociais e representantes das empresas que concorrem para ofecer um modelo de digitaliza&ccedil;&atilde;o para o r&aacute;dio brasileiro, reiniciaram na sede da Assembl&eacute;ria Legislativa de Santa Catarina as audi&ecirc;ncias p&uacute;blicas para discutir o padr&atilde;o de r&aacute;dio digital a ser adotado no pa&iacute;s. <\/p>\n<p>O evento, organizado pelo Movimento Nacional de R&aacute;dios Comnit&aacute;rias (MNRC) e pela Associa&ccedil;&atilde;o Brasileira de R&aacute;dios Comunit&aacute;rias catarinenses (Abra&ccedil;os-SC), contou com a presen&ccedil;a de representantes do&nbsp; Minist&eacute;rio das Comunica&ccedil;&otilde;es. O relat&oacute;rio desta audi&ecirc;ncia p&uacute;blica conclui que &ldquo;da forma como est&aacute; se processando a digitaliza&ccedil;&atilde;o, esta se constitui em um meio excludente de participa&ccedil;&atilde;o popular na comunica&ccedil;&atilde;o, quer pelos altos custos dos equipamentos, quer pelas limita&ccedil;&otilde;es de irradia&ccedil;&atilde;o do sinal&rdquo;. <\/p>\n<p>A pr&oacute;xima audi&ecirc;ncia acontecer&aacute; na Assembl&eacute;ia Legislativa do Rio de Janeiro no dia 14 de junho no audit&oacute;rio Andr&eacute;ia Zito, rua da Alfandega n&ordm; 8, 7&ordf; andar esquina com 1&ordm; de mar&ccedil;o, &agrave;s 16 hs.<\/p>\n","protected":false},"excerpt":{"rendered":"<p>Reda&ccedil;&atilde;o &#8211; MNRC No &uacute;ltimo dia 29 de abril, r&aacute;dios comunit&aacute;rias, parlamentares, lideran&ccedil;as de movimentos sociais e representantes das empresas que concorrem para ofecer um modelo de digitaliza&ccedil;&atilde;o para o r&aacute;dio brasileiro, reiniciaram na sede da Assembl&eacute;ria Legislativa de Santa Catarina as audi&ecirc;ncias p&uacute;blicas para discutir o padr&atilde;o de r&aacute;dio digital a ser adotado no &hellip; <a href=\"https:\/\/obscom.intervozes.org.br\/?p=27468\" class=\"more-link\">Continue lendo <span class=\"screen-reader-text\">Rio de Janeiro ter\u00e1 audi\u00eancia p\u00fablica para discutir padr\u00e3o para o r\u00e1dio digital<\/span> <span class=\"meta-nav\">&rarr;<\/span><\/a><\/p>\n","protected":false},"author":1,"featured_media":0,"comment_status":"open","ping_status":"open","sticky":false,"template":"","format":"standard","meta":{"footnotes":""},"categories":[39],"tags":[],"_links":{"self":[{"href":"https:\/\/obscom.intervozes.org.br\/index.php?rest_route=\/wp\/v2\/posts\/27468"}],"collection":[{"href":"https:\/\/obscom.intervozes.org.br\/index.php?rest_route=\/wp\/v2\/posts"}],"about":[{"href":"https:\/\/obscom.intervozes.org.br\/index.php?rest_route=\/wp\/v2\/types\/post"}],"author":[{"embeddable":true,"href":"https:\/\/obscom.intervozes.org.br\/index.php?rest_route=\/wp\/v2\/users\/1"}],"replies":[{"embeddable":true,"href":"https:\/\/obscom.intervozes.org.br\/index.php?rest_route=%2Fwp%2Fv2%2Fcomments&post=27468"}],"version-history":[{"count":0,"href":"https:\/\/obscom.intervozes.org.br\/index.php?rest_route=\/wp\/v2\/posts\/27468\/revisions"}],"wp:attachment":[{"href":"https:\/\/obscom.intervozes.org.br\/index.php?rest_route=%2Fwp%2Fv2%2Fmedia&parent=27468"}],"wp:term":[{"taxonomy":"category","embeddable":true,"href":"https:\/\/obscom.intervozes.org.br\/index.php?rest_route=%2Fwp%2Fv2%2Fcategories&post=27468"},{"taxonomy":"post_tag","embeddable":true,"href":"https:\/\/obscom.intervozes.org.br\/index.php?rest_route=%2Fwp%2Fv2%2Ftags&post=27468"}],"curies":[{"name":"wp","href":"https:\/\/api.w.org\/{rel}","templated":true}]}}