{"id":27467,"date":"2013-06-10T14:09:37","date_gmt":"2013-06-10T14:09:37","guid":{"rendered":"https:\/\/obscom.intervozes.org.br\/wordpress\/?p=27467"},"modified":"2013-06-10T14:09:37","modified_gmt":"2013-06-10T14:09:37","slug":"direcao-da-fenaj-paulo-bernardo-gleisi-e-midia-ninguem-quer-marco-regulatorio-agora","status":"publish","type":"post","link":"https:\/\/obscom.intervozes.org.br\/?p=27467","title":{"rendered":"Dire\u00e7\u00e3o da Fenaj, Paulo Bernardo, Gleisi e M\u00eddia: ningu\u00e9m quer marco regulat\u00f3rio agora"},"content":{"rendered":"<p>O presidente da Fenaj (Federa&ccedil;&atilde;o Nacional de Jornalistas), Celso Schr&ouml;der, publicou artigo condenando a campanha de coleta de assinaturas por um projeto de lei de iniciativa popular lan&ccedil;ado no &uacute;ltimo primeiro de maio pelo FNDC (F&oacute;rum nacional Pela Democratiza&ccedil;&atilde;o da Comunica&ccedil;&atilde;o) e por outro grande n&uacute;mero de entidades. Schr&ouml;der sustenta que o assunto &eacute; importante e que precisa ser melhor discutido com base nas delibera&ccedil;&otilde;es da Confecom de 2009. Ele est&aacute; certo. O assunto precisa ser melhor discutido e coloc&aacute;-lo na pauta do Legislativo com apoio da sociedade &eacute; a melhor forma de fazer essa discuss&atilde;o a mais ampla poss&iacute;vel.<br \/>A dire&ccedil;&atilde;o da federa&ccedil;&atilde;o est&aacute; preocupada porque&nbsp; Fenaj n&atilde;o est&aacute; sendo protagonista da luta pelo marco regulat&oacute;rio. Eles controlavam o FNDC para n&atilde;o fazer nada e foram tirados da cadeira pelos setores que queriam avan&ccedil;ar na luta. S&oacute; estavam l&aacute; para dizer que ocupavam o &ldquo;cargo&rdquo; e colocar no curr&iacute;culo. Ativismo zero. S&oacute; politiquinha de conchavo de gabinete com deputado. Nunca vi chamar mobiliza&ccedil;&atilde;o, n&atilde;o vi fazer campanha, acho que n&atilde;o vi nem o assunto pautado nos boletins da Fenaj com a import&acirc;ncia que o tema tem e que Schr&ouml;der parece ter descoberto agora. Falo de muito antes de ser lan&ccedil;ado o projeto de lei popular que est&aacute; sendo a primeira mobiliza&ccedil;&atilde;o de massa e instrumento para colocar o assunto em discuss&atilde;o com a sociedade desde que eu ouvi falar do FNDC.<br \/>Ah!, dir&atilde;o alguns, mas quem est&aacute; na cabe&ccedil;a do FNDC &eacute; a CUT e a CUT &eacute; governista. Sim, j&aacute; fez coisas horr&iacute;veis e pode fazer de novo. Mas qualquer militante mais antigo na estrada ter&aacute; visto tamb&eacute;m que a pol&iacute;tica para a comunica&ccedil;&atilde;o da CUT mudou, e da in&eacute;rcia anterior passou a bater de frente com o governo, inclusive em luta aberta com o Paulo Bernardo que n&atilde;o quer nem discutir agora.&nbsp; Longe de querer defender a CUT, n&atilde;o sou cutista, o FNDC re&uacute;ne o que h&aacute; de melhor na luta pela m&iacute;dia livre no Brasil e a participa&ccedil;&atilde;o da central tem sido consciente e honesta como as das demais entidades e movimentos.<br \/>O presidente da Fenaj diz que o assunto deve ser melhor discutido e tem mesmo, todos sabemos. Diz tamb&eacute;m que a t&aacute;tica correta &eacute; pressionar o governo e n&atilde;o fazer abaixo-assinado. Est&aacute; certo pela metade. Temos que pressionar o governo e, para que isso aconte&ccedil;a, algu&eacute;m tem que colocar o tema na rua, na pauta da sociedade. O governo j&aacute; disse que n&atilde;o vai fazer isso. Temos que pressionar o governo. Este &eacute; o papel do projeto de iniciativa popular.<br \/>Estamos lidando com um governo que tem dado porrada at&eacute; nos servidores p&uacute;blicos que s&atilde;o muit&iacute;ssimo mais organizados que os jornalistas e fazem greve todos os anos. Press&atilde;o tem que ser press&atilde;o p&uacute;blica, press&atilde;o com argumento, press&atilde;o que coloca o debate pol&iacute;tico para a sociedade. Press&atilde;o para que o governo envie o projeto do Franklin Martins baseado na Confecom e que est&aacute; na gaveta da mulher do Paulo Bernardo. A querida Gleise que chorou comovida a morte do dono da Veja semana passada. O que Schr&ouml;der prop&otilde;e? Nada, como sempre. Fenaj continua morta. Talvez prefira conscientemente dar o prazo que o Paulo Bernardo pediu at&eacute; depois das elei&ccedil;&otilde;es presidenciais. Afinal o Schr&ouml;der &eacute; companheiro de Paulo Bernardo na Articula&ccedil;&atilde;o Sindical. S&atilde;o gatos do mesm&iacute;ssimo saco em ideias e em pol&iacute;tica. Ao condenar o projeto, o presidente da Fenaj est&aacute; ajudando Paulo Bernardo a acabar com qualquer mobiliza&ccedil;&atilde;o que possa pautar o tema na sociedade com for&ccedil;a, antes da elei&ccedil;&atilde;o, objetivo do governo e dos donos da m&iacute;dia.<br \/>A proposta de conseguir as assinaturas &eacute; para valer. Todas as entidades e movimentos que h&aacute; anos lutam por uma midia livre est&atilde;o envolvidos e &eacute; s&oacute; gente s&eacute;ria. Muitos desses lutadores est&atilde;o lado a lado no movimento de oposi&ccedil;&atilde;o &agrave; dire&ccedil;&atilde;o da Fenaj. A campanha das assinaturas &eacute; sair do marasmo com a pol&iacute;tica correta: se a Dilma n&atilde;o pauta, o povo pauta. N&atilde;o nos queixamos sempre da falta de participa&ccedil;&atilde;o popular nesta democracia representativa fajuta? Pois estamos usando uma das poucas armas institucionais que temos e para a qual nunca demos muita aten&ccedil;&atilde;o. A direita venezuelana tentou derrubar Chavez com um projeto de iniciativa popular: a convoca&ccedil;&atilde;o pelo povo de um plebiscito revogat&oacute;rio. Pena que n&atilde;o tem aqui. N&atilde;o para derrubar este ou aquele, mas para que quem esteja no poder saiba que precisa andar ao lado do povo.&nbsp; &Eacute; uma arma poderosa que pode ser usada para politizar&nbsp; e organizar a sociedade. Muito mais que reuni&otilde;es de s&aacute;bios iluminados em gabinetes de Bras&iacute;lia, se &eacute; que isto vem sendo feito pela Fenaj.<br \/>Quem verdadeiramente defende a luta pela democratiza&ccedil;&atilde;o da comunica&ccedil;&atilde;o sabe que sem press&atilde;o nada muda.<br \/>A posi&ccedil;&atilde;o retr&oacute;grada da Fenaj s&oacute; atende aos interesses dos que querem adiar o debate sobre o marco regulat&oacute;rio, no caso, o governo e os milion&aacute;rios empres&aacute;rios da comunica&ccedil;&atilde;o.<br \/>A hora de mobilizar para avan&ccedil;ar &eacute; agora, antes das elei&ccedil;&otilde;es, para que o povo possa ver quem est&aacute; do lado da m&iacute;dia corrupta e quem quer democratizar a comunica&ccedil;&atilde;o. Esta posi&ccedil;&atilde;o tem que ser denunciada e enfrentada. Que se desmascarem j&aacute;.<\/p>\n","protected":false},"excerpt":{"rendered":"<p>Discurso do presidente da atual gest&atilde;o da Federa&ccedil;&atilde;o Nacional dos Jornalistas busca ajudar ministro das comunica&ccedil;&otilde;es a desmobilizar a sociedade engajada na implementa&ccedil;&atilde;o de um projeto de lei por uma m&iacute;dia democr&aacute;tica<\/p>\n","protected":false},"author":1,"featured_media":0,"comment_status":"open","ping_status":"open","sticky":false,"template":"","format":"standard","meta":{"footnotes":""},"categories":[42],"tags":[1768],"_links":{"self":[{"href":"https:\/\/obscom.intervozes.org.br\/index.php?rest_route=\/wp\/v2\/posts\/27467"}],"collection":[{"href":"https:\/\/obscom.intervozes.org.br\/index.php?rest_route=\/wp\/v2\/posts"}],"about":[{"href":"https:\/\/obscom.intervozes.org.br\/index.php?rest_route=\/wp\/v2\/types\/post"}],"author":[{"embeddable":true,"href":"https:\/\/obscom.intervozes.org.br\/index.php?rest_route=\/wp\/v2\/users\/1"}],"replies":[{"embeddable":true,"href":"https:\/\/obscom.intervozes.org.br\/index.php?rest_route=%2Fwp%2Fv2%2Fcomments&post=27467"}],"version-history":[{"count":0,"href":"https:\/\/obscom.intervozes.org.br\/index.php?rest_route=\/wp\/v2\/posts\/27467\/revisions"}],"wp:attachment":[{"href":"https:\/\/obscom.intervozes.org.br\/index.php?rest_route=%2Fwp%2Fv2%2Fmedia&parent=27467"}],"wp:term":[{"taxonomy":"category","embeddable":true,"href":"https:\/\/obscom.intervozes.org.br\/index.php?rest_route=%2Fwp%2Fv2%2Fcategories&post=27467"},{"taxonomy":"post_tag","embeddable":true,"href":"https:\/\/obscom.intervozes.org.br\/index.php?rest_route=%2Fwp%2Fv2%2Ftags&post=27467"}],"curies":[{"name":"wp","href":"https:\/\/api.w.org\/{rel}","templated":true}]}}