{"id":27465,"date":"2013-06-07T12:46:03","date_gmt":"2013-06-07T12:46:03","guid":{"rendered":"https:\/\/obscom.intervozes.org.br\/wordpress\/?p=27465"},"modified":"2013-06-07T12:46:03","modified_gmt":"2013-06-07T12:46:03","slug":"movimentos-sociais-de-sergipe-participam-de-curso-sobre-direito-a-comunicacao","status":"publish","type":"post","link":"https:\/\/obscom.intervozes.org.br\/?p=27465","title":{"rendered":"Movimentos sociais de Sergipe participam de curso sobre Direito \u00e0 Comunica\u00e7\u00e3o"},"content":{"rendered":"<p>O papel da m&iacute;dia nas sociedades democr&aacute;ticas, a import&acirc;ncia dos meios de comunica&ccedil;&atilde;o para os movimentos sociais e a democratiza&ccedil;&atilde;o do setor de comunica&ccedil;&otilde;es s&atilde;o alguns dos temas abordados no curso &ldquo;Direito &agrave; comunica&ccedil;&atilde;o, Democracia e Movimentos Sociais&rdquo;, que acontece nos dias 8 e 9 de junho, no Assentamento Quissam&atilde;, na cidade de Nossa Senhora do Socorro (SE).<\/p>\n<p>Destinado a militantes de movimentos sociais, entidades estudantis e organiza&ccedil;&otilde;es populares com atua&ccedil;&atilde;o no estado de Sergipe, o curso &eacute; fruto de uma parceria entre o Intervozes &ndash; Coletivo Brasil de Comunica&ccedil;&atilde;o Social, o Levante Popular da Juventude, o Movimento Organizado dos Trabalhadores Urbanos (MOTU) e o Movimento dos Trabalhadores Rurais Sem Terra (MST).<\/p>\n<p>Al&eacute;m dessas entidades, confirmaram presen&ccedil;a no curso: Associa&ccedil;&atilde;o Aba&ocirc; de Arte, Educa&ccedil;&atilde;o e Cultura Negra; Associa&ccedil;&atilde;o Brasileira de R&aacute;dios Comunit&aacute;rias; Associa&ccedil;&atilde;o de Defesa Homossexual do Estado de Sergipe; Associa&ccedil;&atilde;o Sergipana de Hip Hop; Central &Uacute;nica dos Trabalhadores; Movimento Nacional de Direitos Humanos e Rede de Sa&uacute;de Afro; <\/p>\n<p>Segundo o integrante do Intervozes, Paulo Victor Melo, o curso ser&aacute; um momento de forma&ccedil;&atilde;o de militantes sociais para a luta por uma m&iacute;dia democr&aacute;tica. &ldquo;A democratiza&ccedil;&atilde;o dos meios de comunica&ccedil;&atilde;o &eacute; um tema cada vez mais presente na agenda de movimentos sociais e populares, mas temos a compreens&atilde;o de que &eacute; preciso conhecer melhor a estrutura, a hist&oacute;ria e a realidade da comunica&ccedil;&atilde;o brasileira para termos melhor definida a nossa estrat&eacute;gia de atua&ccedil;&atilde;o&rdquo;, afirma.<\/p>\n<p>Para o membro do MST, Luiz Fernando, a discuss&atilde;o sobre a m&iacute;dia &eacute; fundamental para os movimentos sociais, j&aacute; que &ldquo;a m&iacute;dia corporativa manipula uma s&eacute;rie de informa&ccedil;&otilde;es e massacra diariamente a classe trabalhadora. Por isso, precisamos discutir e avan&ccedil;ar na constru&ccedil;&atilde;o de nossas m&iacute;dias populares, al&eacute;m de lutarmos pela democratiza&ccedil;&atilde;o do r&aacute;dio e da TV&rdquo;.<\/p>\n<p>O curso &ldquo;Direito &agrave; Comunica&ccedil;&atilde;o, Democracia e Movimentos Sociais&rdquo;, tem in&iacute;cio &agrave;s 8h do dia 8 (s&aacute;bado) e previs&atilde;o de encerramento &agrave;s 12h do dia 9 (domingo).<\/p>\n<p><strong>Abaixo, a programa&ccedil;&atilde;o completa do Curso:<\/strong><\/p>\n<p><em>08 de junho, 8h &agrave;s 12h &ndash; Direito &agrave; Comunica&ccedil;&atilde;o, Estado e Democracia<\/em><br \/>Facilitador: Paulo Victor Melo, jornalista, mestrando em Comunica&ccedil;&atilde;o e Sociedade na Universidade Federal de Sergipe. Pesquisador do Observat&oacute;rio de Economia e Comunica&ccedil;&atilde;o da UFS. Membro do Conselho Diretor do Intervozes &ndash; Coletivo Brasil de Comunica&ccedil;&atilde;o Social.<\/p>\n<p><em>08 de junho, 14h &agrave;s 18h &ndash; Comunica&ccedil;&atilde;o, Direitos Humanos e Movimentos Sociais<\/em><br \/>Andr&eacute; Ara&uacute;jo, jornalista e mestrando em Cultura e Sociedade na Universidade Federal da Bahia. Pesquisador do Centro de Comunica&ccedil;&atilde;o, Democracia e Cidadania da UFBA.<\/p>\n<p><em>08 de junho, 19:30h &ndash; Sess&atilde;o de filmes sobre Comunica&ccedil;&atilde;o e Sarau Popular<\/em><\/p>\n<p><em>09 de junho, 08 &agrave;s 12h &ndash; A m&iacute;dia dos trabalhadores e dos movimentos populares<\/em><br \/>Gislene Moreira, doutora em Ci&ecirc;ncias Sociais com men&ccedil;&atilde;o em Pol&iacute;tica pela Faculdade Latino-americana de Ci&ecirc;ncias Sociais (M&eacute;xico). Professora da Universidade do Estado da Bahia &ndash; Juazeiro\/BA.<\/p>\n","protected":false},"excerpt":{"rendered":"<p>Evento discute papel da m&iacute;dia nas sociedades democr&aacute;ticas, a import&acirc;ncia dos meios de comunica&ccedil;&atilde;o para os movimentos sociais e a democratiza&ccedil;&atilde;o do setor de comunica&ccedil;&otilde;es.<\/p>\n","protected":false},"author":1,"featured_media":0,"comment_status":"open","ping_status":"open","sticky":false,"template":"","format":"standard","meta":{"footnotes":""},"categories":[40],"tags":[978],"_links":{"self":[{"href":"https:\/\/obscom.intervozes.org.br\/index.php?rest_route=\/wp\/v2\/posts\/27465"}],"collection":[{"href":"https:\/\/obscom.intervozes.org.br\/index.php?rest_route=\/wp\/v2\/posts"}],"about":[{"href":"https:\/\/obscom.intervozes.org.br\/index.php?rest_route=\/wp\/v2\/types\/post"}],"author":[{"embeddable":true,"href":"https:\/\/obscom.intervozes.org.br\/index.php?rest_route=\/wp\/v2\/users\/1"}],"replies":[{"embeddable":true,"href":"https:\/\/obscom.intervozes.org.br\/index.php?rest_route=%2Fwp%2Fv2%2Fcomments&post=27465"}],"version-history":[{"count":0,"href":"https:\/\/obscom.intervozes.org.br\/index.php?rest_route=\/wp\/v2\/posts\/27465\/revisions"}],"wp:attachment":[{"href":"https:\/\/obscom.intervozes.org.br\/index.php?rest_route=%2Fwp%2Fv2%2Fmedia&parent=27465"}],"wp:term":[{"taxonomy":"category","embeddable":true,"href":"https:\/\/obscom.intervozes.org.br\/index.php?rest_route=%2Fwp%2Fv2%2Fcategories&post=27465"},{"taxonomy":"post_tag","embeddable":true,"href":"https:\/\/obscom.intervozes.org.br\/index.php?rest_route=%2Fwp%2Fv2%2Ftags&post=27465"}],"curies":[{"name":"wp","href":"https:\/\/api.w.org\/{rel}","templated":true}]}}