{"id":27462,"date":"2013-06-05T09:32:50","date_gmt":"2013-06-05T09:32:50","guid":{"rendered":"https:\/\/obscom.intervozes.org.br\/wordpress\/?p=27462"},"modified":"2013-06-05T09:32:50","modified_gmt":"2013-06-05T09:32:50","slug":"estudantes-da-puc-rs-realizam-seminario-sobre-comunicacao-e-democracia-no-brasil","status":"publish","type":"post","link":"https:\/\/obscom.intervozes.org.br\/?p=27462","title":{"rendered":"Estudantes da PUC-RS realizam semin\u00e1rio sobre comunica\u00e7\u00e3o e democracia no Brasil"},"content":{"rendered":"<p><strong>Reda&ccedil;&atilde;o &#8211; Observat&oacute;rio do Direito &agrave; Comunica&ccedil;&atilde;o<\/strong><\/p>\n<p>O Diret&oacute;rio Central dos Estudantes (DCE) da PUC-RS promove o Semin&aacute;rio &ldquo;Comunica&ccedil;&atilde;o no Brasil: onde a democracia (ainda) n&atilde;o entra&rdquo; nos dias 5 e 6 de junho, &agrave;s 19h30, no Audit&oacute;rio do Pr&eacute;dio 50 da PUC-RS, em Porto Alegre.<\/p>\n<p><strong>PROGRAMA&Ccedil;&Atilde;O:<\/strong><br \/>5 de junho (quarta-feira) &ndash; 19h30<br \/>Por que democratizar a comunica&ccedil;&atilde;o?<br \/>Ruth Ign&aacute;cio &ndash; Soci&oacute;loga<br \/>Pedrinho Guareschi &ndash; Fil&oacute;sofo e Soci&oacute;logo<\/p>\n<p>6 de junho (quinta-feira) &ndash; 19h30<br \/>Alternativas &agrave; concentra&ccedil;&atilde;o dos meios: um debate sobre a radiodifus&atilde;o p&uacute;blica<br \/>Beto Almeida &ndash; Telesur<br \/>Pedro Os&oacute;rio &ndash; Funda&ccedil;&atilde;o Cultural Piratini e Associa&ccedil;&atilde;o Brasileira de Emissoras P&uacute;blicas, Educativas e Culturais (Abepec)<\/p>\n<p>Evento gratuito.<\/p>\n","protected":false},"excerpt":{"rendered":"<p>Reda&ccedil;&atilde;o &#8211; Observat&oacute;rio do Direito &agrave; Comunica&ccedil;&atilde;o O Diret&oacute;rio Central dos Estudantes (DCE) da PUC-RS promove o Semin&aacute;rio &ldquo;Comunica&ccedil;&atilde;o no Brasil: onde a democracia (ainda) n&atilde;o entra&rdquo; nos dias 5 e 6 de junho, &agrave;s 19h30, no Audit&oacute;rio do Pr&eacute;dio 50 da PUC-RS, em Porto Alegre. PROGRAMA&Ccedil;&Atilde;O:5 de junho (quarta-feira) &ndash; 19h30Por que democratizar a &hellip; <a href=\"https:\/\/obscom.intervozes.org.br\/?p=27462\" class=\"more-link\">Continue lendo <span class=\"screen-reader-text\">Estudantes da PUC-RS realizam semin\u00e1rio sobre comunica\u00e7\u00e3o e democracia no Brasil<\/span> <span class=\"meta-nav\">&rarr;<\/span><\/a><\/p>\n","protected":false},"author":1,"featured_media":0,"comment_status":"open","ping_status":"open","sticky":false,"template":"","format":"standard","meta":{"footnotes":""},"categories":[39],"tags":[],"_links":{"self":[{"href":"https:\/\/obscom.intervozes.org.br\/index.php?rest_route=\/wp\/v2\/posts\/27462"}],"collection":[{"href":"https:\/\/obscom.intervozes.org.br\/index.php?rest_route=\/wp\/v2\/posts"}],"about":[{"href":"https:\/\/obscom.intervozes.org.br\/index.php?rest_route=\/wp\/v2\/types\/post"}],"author":[{"embeddable":true,"href":"https:\/\/obscom.intervozes.org.br\/index.php?rest_route=\/wp\/v2\/users\/1"}],"replies":[{"embeddable":true,"href":"https:\/\/obscom.intervozes.org.br\/index.php?rest_route=%2Fwp%2Fv2%2Fcomments&post=27462"}],"version-history":[{"count":0,"href":"https:\/\/obscom.intervozes.org.br\/index.php?rest_route=\/wp\/v2\/posts\/27462\/revisions"}],"wp:attachment":[{"href":"https:\/\/obscom.intervozes.org.br\/index.php?rest_route=%2Fwp%2Fv2%2Fmedia&parent=27462"}],"wp:term":[{"taxonomy":"category","embeddable":true,"href":"https:\/\/obscom.intervozes.org.br\/index.php?rest_route=%2Fwp%2Fv2%2Fcategories&post=27462"},{"taxonomy":"post_tag","embeddable":true,"href":"https:\/\/obscom.intervozes.org.br\/index.php?rest_route=%2Fwp%2Fv2%2Ftags&post=27462"}],"curies":[{"name":"wp","href":"https:\/\/api.w.org\/{rel}","templated":true}]}}