{"id":27461,"date":"2013-06-04T20:53:17","date_gmt":"2013-06-04T20:53:17","guid":{"rendered":"https:\/\/obscom.intervozes.org.br\/wordpress\/?p=27461"},"modified":"2013-06-04T20:53:17","modified_gmt":"2013-06-04T20:53:17","slug":"animacao-acesso-ao-conteudo-abre-semana-de-lancamentos-do-projeto-freenet-film","status":"publish","type":"post","link":"https:\/\/obscom.intervozes.org.br\/?p=27461","title":{"rendered":"Anima\u00e7\u00e3o &#8220;Acesso ao conte\u00fado&#8221; abre semana de lan\u00e7amentos do projeto freenet film"},"content":{"rendered":"<p><strong>Reda&ccedil;&atilde;o &#8211; Observat&oacute;rio do Direito &agrave; Comunica&ccedil;&atilde;o<\/strong><\/p>\n<p>O filmete &ldquo;Acesso ao conte&uacute;do&rdquo; abre a semana de lan&ccedil;amentos do &ldquo;freenet film&rdquo; abordando o cen&aacute;rio de direitos autorais na cultura digital. Por meio da est&eacute;tica da anima&ccedil;&atilde;o, retrata os embates entre uma arcaica ind&uacute;stria cultural e os consumidores de cultura e conhecimento. O v&iacute;deo estar&aacute; dispon&iacute;vel no dia 4 (ter&ccedil;a), a partir das 20h, no <a href=\"http:\/\/www.canalocubo.com\/\">Canal O Cubo<\/a>.<\/p>\n<p>O v&iacute;deo completa a s&eacute;rie de cinco produ&ccedil;&otilde;es audiovisuais que apresentam os temas principais do document&aacute;rio colaborativo &ldquo;freenet film&rdquo;, um esfor&ccedil;o para levar ao p&uacute;blico geral mais informa&ccedil;&otilde;es sobre assuntos que dizem respeito &agrave; liberdade da internet &ndash; ou falta dela &ndash; e estimular os usu&aacute;rios da rede, de qualquer pa&iacute;s, a se envolverem, criando e compartilhando seus pr&oacute;prios v&iacute;deos sobre os temas. Na plataforma e <a href=\"http:\/\/www.youtube.com\/freenetfilm\">no canal do YouTube<\/a> , j&aacute; est&atilde;o os v&iacute;deos&ldquo;Liberdade de Express&atilde;o&rdquo;, &ldquo;Acesso &agrave; conex&atilde;o&rdquo;, &ldquo;Neutralidade da rede&rdquo; e &ldquo;Privacidade&rdquo;.<\/p>\n","protected":false},"excerpt":{"rendered":"<p>Reda&ccedil;&atilde;o &#8211; Observat&oacute;rio do Direito &agrave; Comunica&ccedil;&atilde;o O filmete &ldquo;Acesso ao conte&uacute;do&rdquo; abre a semana de lan&ccedil;amentos do &ldquo;freenet film&rdquo; abordando o cen&aacute;rio de direitos autorais na cultura digital. Por meio da est&eacute;tica da anima&ccedil;&atilde;o, retrata os embates entre uma arcaica ind&uacute;stria cultural e os consumidores de cultura e conhecimento. O v&iacute;deo estar&aacute; dispon&iacute;vel no &hellip; <a href=\"https:\/\/obscom.intervozes.org.br\/?p=27461\" class=\"more-link\">Continue lendo <span class=\"screen-reader-text\">Anima\u00e7\u00e3o &#8220;Acesso ao conte\u00fado&#8221; abre semana de lan\u00e7amentos do projeto freenet film<\/span> <span class=\"meta-nav\">&rarr;<\/span><\/a><\/p>\n","protected":false},"author":1,"featured_media":0,"comment_status":"open","ping_status":"open","sticky":false,"template":"","format":"standard","meta":{"footnotes":""},"categories":[39],"tags":[],"_links":{"self":[{"href":"https:\/\/obscom.intervozes.org.br\/index.php?rest_route=\/wp\/v2\/posts\/27461"}],"collection":[{"href":"https:\/\/obscom.intervozes.org.br\/index.php?rest_route=\/wp\/v2\/posts"}],"about":[{"href":"https:\/\/obscom.intervozes.org.br\/index.php?rest_route=\/wp\/v2\/types\/post"}],"author":[{"embeddable":true,"href":"https:\/\/obscom.intervozes.org.br\/index.php?rest_route=\/wp\/v2\/users\/1"}],"replies":[{"embeddable":true,"href":"https:\/\/obscom.intervozes.org.br\/index.php?rest_route=%2Fwp%2Fv2%2Fcomments&post=27461"}],"version-history":[{"count":0,"href":"https:\/\/obscom.intervozes.org.br\/index.php?rest_route=\/wp\/v2\/posts\/27461\/revisions"}],"wp:attachment":[{"href":"https:\/\/obscom.intervozes.org.br\/index.php?rest_route=%2Fwp%2Fv2%2Fmedia&parent=27461"}],"wp:term":[{"taxonomy":"category","embeddable":true,"href":"https:\/\/obscom.intervozes.org.br\/index.php?rest_route=%2Fwp%2Fv2%2Fcategories&post=27461"},{"taxonomy":"post_tag","embeddable":true,"href":"https:\/\/obscom.intervozes.org.br\/index.php?rest_route=%2Fwp%2Fv2%2Ftags&post=27461"}],"curies":[{"name":"wp","href":"https:\/\/api.w.org\/{rel}","templated":true}]}}