{"id":27460,"date":"2013-06-03T15:43:57","date_gmt":"2013-06-03T15:43:57","guid":{"rendered":"https:\/\/obscom.intervozes.org.br\/wordpress\/?p=27460"},"modified":"2013-06-03T15:43:57","modified_gmt":"2013-06-03T15:43:57","slug":"serie-de-videos-na-internet-apresenta-pluralidade-das-configuracoes-familiares","status":"publish","type":"post","link":"https:\/\/obscom.intervozes.org.br\/?p=27460","title":{"rendered":"S\u00e9rie de v\u00eddeos na internet apresenta pluralidade das configura\u00e7\u00f5es familiares"},"content":{"rendered":"<p><strong>Reda&ccedil;&atilde;o &#8211; Observat&oacute;rio do Direito &agrave; Comunica&ccedil;&atilde;o<\/strong><\/p>\n<p>Composta por cinco epis&oacute;dios, a s&eacute;rie &ldquo;Fam&iacute;lia no Plural&rdquo; teve in&iacute;cio no dia 29 de maio com a disponibiliza&ccedil;&atilde;o do primeiro v&iacute;deo da temporada no Youtube. A webs&eacute;rie quinzenal aborda a diversidade de la&ccedil;os afetivos que constituem as fam&iacute;lias. Dando especial aten&ccedil;&atilde;o ao contexto homossexual, busca mostrar como s&atilde;o comuns realidades marginalizadas pelos meios de comunica&ccedil;&atilde;o e pelo imagin&aacute;rio da sociedade.<\/p>\n<p>O projeto, que &eacute; realizado por um coletivo de estudantes e profissionais das cidades de S&atilde;o F&eacute;lix e Salvador, na Bahia. A s&eacute;rie conta com o apoio da Universidade Federal do Rec&ocirc;ncavo da Bahia e do Portal Dois Ter&ccedil;os e com o patroc&iacute;nio da Funda&ccedil;&atilde;o Cultural do Estado da Bahia, atrav&eacute;s do Calend&aacute;rio das Artes.<br \/>&nbsp;<br \/>Confira o epis&oacute;dio na &iacute;ntegra aqui: <a href=\"https:\/\/www.youtube.com\/watch?v=ZBNY6GwU618\">https:\/\/www.youtube.com\/watch?v=ZBNY6GwU618<\/a> <br \/>E confira o teaser do projeto aqui: <a href=\"http:\/\/youtu.be\/PXjjOgCpuEg\">http:\/\/youtu.be\/PXjjOgCpuEg<\/a> <br \/>&nbsp;<br \/><strong>Mais informa&ccedil;&otilde;es:<\/strong><br \/>Blog: <a href=\"http:\/\/familianoplural.wordpress.com\">http:\/\/familianoplural.wordpress.com<\/a> <br \/>P&aacute;gina no Facebook: <a href=\"https:\/\/www.facebook.com\/FamiliaNoPlural\">https:\/\/www.facebook.com\/FamiliaNoPlural<\/a> <br \/>Canal no Youtube: <a href=\"https:\/\/www.youtube.com\/user\/familianoplural\">https:\/\/www.youtube.com\/user\/familianoplural<\/a> <\/p>\n","protected":false},"excerpt":{"rendered":"<p>Reda&ccedil;&atilde;o &#8211; Observat&oacute;rio do Direito &agrave; Comunica&ccedil;&atilde;o Composta por cinco epis&oacute;dios, a s&eacute;rie &ldquo;Fam&iacute;lia no Plural&rdquo; teve in&iacute;cio no dia 29 de maio com a disponibiliza&ccedil;&atilde;o do primeiro v&iacute;deo da temporada no Youtube. A webs&eacute;rie quinzenal aborda a diversidade de la&ccedil;os afetivos que constituem as fam&iacute;lias. Dando especial aten&ccedil;&atilde;o ao contexto homossexual, busca mostrar como &hellip; <a href=\"https:\/\/obscom.intervozes.org.br\/?p=27460\" class=\"more-link\">Continue lendo <span class=\"screen-reader-text\">S\u00e9rie de v\u00eddeos na internet apresenta pluralidade das configura\u00e7\u00f5es familiares<\/span> <span class=\"meta-nav\">&rarr;<\/span><\/a><\/p>\n","protected":false},"author":1,"featured_media":0,"comment_status":"open","ping_status":"open","sticky":false,"template":"","format":"standard","meta":{"footnotes":""},"categories":[39],"tags":[],"_links":{"self":[{"href":"https:\/\/obscom.intervozes.org.br\/index.php?rest_route=\/wp\/v2\/posts\/27460"}],"collection":[{"href":"https:\/\/obscom.intervozes.org.br\/index.php?rest_route=\/wp\/v2\/posts"}],"about":[{"href":"https:\/\/obscom.intervozes.org.br\/index.php?rest_route=\/wp\/v2\/types\/post"}],"author":[{"embeddable":true,"href":"https:\/\/obscom.intervozes.org.br\/index.php?rest_route=\/wp\/v2\/users\/1"}],"replies":[{"embeddable":true,"href":"https:\/\/obscom.intervozes.org.br\/index.php?rest_route=%2Fwp%2Fv2%2Fcomments&post=27460"}],"version-history":[{"count":0,"href":"https:\/\/obscom.intervozes.org.br\/index.php?rest_route=\/wp\/v2\/posts\/27460\/revisions"}],"wp:attachment":[{"href":"https:\/\/obscom.intervozes.org.br\/index.php?rest_route=%2Fwp%2Fv2%2Fmedia&parent=27460"}],"wp:term":[{"taxonomy":"category","embeddable":true,"href":"https:\/\/obscom.intervozes.org.br\/index.php?rest_route=%2Fwp%2Fv2%2Fcategories&post=27460"},{"taxonomy":"post_tag","embeddable":true,"href":"https:\/\/obscom.intervozes.org.br\/index.php?rest_route=%2Fwp%2Fv2%2Ftags&post=27460"}],"curies":[{"name":"wp","href":"https:\/\/api.w.org\/{rel}","templated":true}]}}