{"id":27459,"date":"2013-05-28T15:53:55","date_gmt":"2013-05-28T15:53:55","guid":{"rendered":"https:\/\/obscom.intervozes.org.br\/wordpress\/?p=27459"},"modified":"2013-05-28T15:53:55","modified_gmt":"2013-05-28T15:53:55","slug":"conexoes-globais-debateu-relacao-da-cultura-digital-com-democracia-e-liberdade","status":"publish","type":"post","link":"https:\/\/obscom.intervozes.org.br\/?p=27459","title":{"rendered":"Conex\u00f5es Globais debateu rela\u00e7\u00e3o da cultura digital com democracia e liberdade"},"content":{"rendered":"<p>&ldquo;O que est&aacute; em jogo &eacute; se o Brasil ir&aacute; tratar a internet como um&nbsp; direito humano, um bem p&uacute;blico, ou simplesmente, pela l&oacute;gica do mercado&rdquo;, disse a jornalista Cristina Char&atilde;o durante o debate no segundo dia do II Conex&otilde;es Globais, evento realizado em Porto Alegre para discutir cultura digital. Este &eacute; o tema colocado tamb&eacute;m pelo livro &ldquo;Caminhos para a universaliza&ccedil;&atilde;o da Internet banda larga: experi&ecirc;ncia internacionais e desafios brasileiros&rdquo;, que apresenta uma pesquisa comparada da pol&iacute;tica de banda larga em alguns pa&iacute;ses e que foi lan&ccedil;ado no espa&ccedil;o &ldquo;Hub de Id&eacute;ias&rdquo; do evento.<\/p>\n<p>O evento reuniu nos dias 23, 24 e 25 ativistas, acad&ecirc;micos e gestores p&uacute;blicos para discutir temas relacionados &agrave; cultura que se relaciona com a internet e com todo o processo atual de digitaliza&ccedil;&atilde;o. O direito &agrave; liberdade e o funcionamento democr&aacute;tico da sociedade ap&oacute;s as transforma&ccedil;&otilde;es decorrentes da vida que se relaciona com a cultura digital estiveram no centro das discuss&otilde;es.<\/p>\n<p>A distribui&ccedil;&atilde;o do poder e a produ&ccedil;&atilde;o livre de informa&ccedil;&otilde;es foram algumas das principais preocupa&ccedil;&otilde;es que envolveram os debatedores do II Conex&otilde;es Globais, que trataram tamb&eacute;m o poder de mobiliza&ccedil;&atilde;o e de visibiliza&ccedil;&atilde;o da internet para os movimentos sociais. O evento contou em seu &uacute;ltimo dia com a presen&ccedil;a do governador do Rio Grande do Sul e com o ex-ministro da Secretaria de Comunica&ccedil;&atilde;o da Presid&ecirc;ncia da Rep&uacute;blica, Franklin Martins. <\/p>\n<p>Enquanto o governador Tarso Genro destacou o aspecto mais amplo das transforma&ccedil;&otilde;es, em que considera que &ldquo;esses novos processos de participa&ccedil;&atilde;o democr&aacute;tica s&atilde;o uma critica radical ao modelo atual de Estado&rdquo; e que &ldquo;a forma como a nossa democracia foi constitu&iacute;da ainda no Iluminismo est&aacute; derrotada&rdquo;; o jornalista Franklin Martins apontou para sua especificidade: &ldquo;a digitaliza&ccedil;&atilde;o da comunica&ccedil;&atilde;o e a internet provocam uma mudan&ccedil;a espetacular na comunica&ccedil;&atilde;o&rdquo;.<\/p>\n","protected":false},"excerpt":{"rendered":"<p>Em tr&ecirc;s dias de debates, o papel da digitaliza&ccedil;&atilde;o para os&nbsp; direitos humanos, democratiza&ccedil;&atilde;o, liberdades e movimentos sociais estiveram em pauta<\/p>\n","protected":false},"author":1,"featured_media":0,"comment_status":"open","ping_status":"open","sticky":false,"template":"","format":"standard","meta":{"footnotes":""},"categories":[40],"tags":[150],"_links":{"self":[{"href":"https:\/\/obscom.intervozes.org.br\/index.php?rest_route=\/wp\/v2\/posts\/27459"}],"collection":[{"href":"https:\/\/obscom.intervozes.org.br\/index.php?rest_route=\/wp\/v2\/posts"}],"about":[{"href":"https:\/\/obscom.intervozes.org.br\/index.php?rest_route=\/wp\/v2\/types\/post"}],"author":[{"embeddable":true,"href":"https:\/\/obscom.intervozes.org.br\/index.php?rest_route=\/wp\/v2\/users\/1"}],"replies":[{"embeddable":true,"href":"https:\/\/obscom.intervozes.org.br\/index.php?rest_route=%2Fwp%2Fv2%2Fcomments&post=27459"}],"version-history":[{"count":0,"href":"https:\/\/obscom.intervozes.org.br\/index.php?rest_route=\/wp\/v2\/posts\/27459\/revisions"}],"wp:attachment":[{"href":"https:\/\/obscom.intervozes.org.br\/index.php?rest_route=%2Fwp%2Fv2%2Fmedia&parent=27459"}],"wp:term":[{"taxonomy":"category","embeddable":true,"href":"https:\/\/obscom.intervozes.org.br\/index.php?rest_route=%2Fwp%2Fv2%2Fcategories&post=27459"},{"taxonomy":"post_tag","embeddable":true,"href":"https:\/\/obscom.intervozes.org.br\/index.php?rest_route=%2Fwp%2Fv2%2Ftags&post=27459"}],"curies":[{"name":"wp","href":"https:\/\/api.w.org\/{rel}","templated":true}]}}