{"id":27455,"date":"2013-05-24T16:01:58","date_gmt":"2013-05-24T16:01:58","guid":{"rendered":"https:\/\/obscom.intervozes.org.br\/wordpress\/?p=27455"},"modified":"2013-05-24T16:01:58","modified_gmt":"2013-05-24T16:01:58","slug":"participacao-e-compartilhamento-na-rede-em-foco-no-ii-conexoes-globais","status":"publish","type":"post","link":"https:\/\/obscom.intervozes.org.br\/?p=27455","title":{"rendered":"Participa\u00e7\u00e3o e compartilhamento na rede em foco no II Conex\u00f5es Globais"},"content":{"rendered":"<p>Liberdades amea&ccedil;adas por grandes corpora&ccedil;&otilde;es, amplia&ccedil;&atilde;o da democracia, colabora&ccedil;&atilde;o, compartilhamento, transpar&ecirc;ncia, anonimato, &eacute;tica, direito &agrave; internet e outros tantos temas que circulam ao redor da chamada &ldquo;cultura digital&rdquo; s&atilde;o objeto de debate da segunda edi&ccedil;&atilde;o do &ldquo;Conex&otilde;es Globais&rdquo;, um dos principais eventos sobre o assunto, realizado nos dias 23, 24 e 25 de maio na Casa de Cultura M&aacute;rio Quintana, em Porto Alegre.<\/p>\n<p>O primeiro dia foi marcado por tr&ecirc;s mesas de debate que trataram de &ldquo;&eacute;tica hacker&rdquo;, &ldquo;democracia 2.0&rdquo; e o &ldquo;conhecimento livre na internet&rdquo;. Os debates contam com ativistas, gestores p&uacute;blico e acad&ecirc;micos presentes no evento ou conectados por meio da web.<\/p>\n<p>Durante a mesa de abertura foi a presentada a lista de pontos de uma &ldquo;&eacute;tica hacker&rdquo; baseada no livro de Steven Levy: compartilhamento;&nbsp; abertura (transpar&ecirc;ncia);&nbsp; descentraliza&ccedil;&atilde;o; acesso livre a computadores;&nbsp; meritocracia;&nbsp; primum non nocere ( &rdquo;em primeiro lugar, n&atilde;o fazer mal&rdquo;) e melhoramento mundial. Foi abordado tamb&eacute;m o problema para se implementar o Marco Civil da Internet no Brasil garantindo a neutralidade de rede e destacou-se o desafio de lidar com o direito autoral garantindo que &ldquo;o artista possa viver do que faz e o cidad&atilde;o tenha garantido o acesso aos bens culturais&rdquo;. O debate contou com a participa&ccedil;&atilde;o por webconfer&ecirc;ncia de um dos &ldquo;pais&rdquo; da internet no Brasil, Demi Getschko.<\/p>\n<p>O debate sobre fronteiras entre uma &ldquo;democracia digital&rdquo; e uma &ldquo;democracia anal&oacute;gica&rdquo; foi o foco da segunda mesa. Para Ricardo Poppi, coordenador de Novas M&iacute;dias e Outras Linguagens de Participa&ccedil;&atilde;o da Secretaria Geral da Presid&ecirc;ncia, a cultura digital coloca os marcos do debate sobre democracia e internet em outro patamar, n&atilde;o se tratando &ldquo;apenas de tecnologia, mas de metodologias de colabora&ccedil;&atilde;o que dependem de conhecimento aberto, liberdade e constru&ccedil;&atilde;o coletiva&rdquo;.<\/p>\n<p>O &uacute;ltimo debate do primeiro dia tratou do conhecimento livre na rede e contou com a participa&ccedil;&atilde;o do fundador do Pirate Bay, o sueco Peter Sunde. Segundo ele, h&aacute; procedimentos parecidos em rela&ccedil;&atilde;o ao compartilhamento entre aqueles que defendem a liberdade na internet e grandes empresas interessadas em lucros, mas enquanto estas querem aumentar o controle sobre os indiv&iacute;duos por meio da infraestrutura que dominam algumas pessoas lutam para disponibilizar conhecimento para todos.<\/p>\n<p>Al&eacute;m dos debates, o evento oferece uma intensa programa&ccedil;&atilde;o cultural e educativa, totalmente gratuita.&nbsp; Shows musicais, cineclube, games e uma s&eacute;rie de oficinas voltadas para a troca de saberes e a capacita&ccedil;&atilde;o para o uso de novas m&iacute;dias, produ&ccedil;&atilde;o e edi&ccedil;&atilde;o multim&iacute;dia, utiliza&ccedil;&atilde;o das ferramentas digitais e estrat&eacute;gias para m&iacute;dias sociais acontecem simultaneamente. Para acompanhar as atividades ao vivo basta se conectar atrav&eacute;s do site www.conexoesglobais.com.br.<\/p>\n","protected":false},"excerpt":{"rendered":"<p>Come&ccedil;ou nesta quinta-feira a segunda edi&ccedil;&atilde;o do Conex&otilde;es Globais em Porto Alegre (RS). O evento busca discutir temas relacionados a mobiliza&ccedil;&atilde;o, ativistmo, democracia e a internet.<\/p>\n","protected":false},"author":1,"featured_media":0,"comment_status":"open","ping_status":"open","sticky":false,"template":"","format":"standard","meta":{"footnotes":""},"categories":[40],"tags":[402],"_links":{"self":[{"href":"https:\/\/obscom.intervozes.org.br\/index.php?rest_route=\/wp\/v2\/posts\/27455"}],"collection":[{"href":"https:\/\/obscom.intervozes.org.br\/index.php?rest_route=\/wp\/v2\/posts"}],"about":[{"href":"https:\/\/obscom.intervozes.org.br\/index.php?rest_route=\/wp\/v2\/types\/post"}],"author":[{"embeddable":true,"href":"https:\/\/obscom.intervozes.org.br\/index.php?rest_route=\/wp\/v2\/users\/1"}],"replies":[{"embeddable":true,"href":"https:\/\/obscom.intervozes.org.br\/index.php?rest_route=%2Fwp%2Fv2%2Fcomments&post=27455"}],"version-history":[{"count":0,"href":"https:\/\/obscom.intervozes.org.br\/index.php?rest_route=\/wp\/v2\/posts\/27455\/revisions"}],"wp:attachment":[{"href":"https:\/\/obscom.intervozes.org.br\/index.php?rest_route=%2Fwp%2Fv2%2Fmedia&parent=27455"}],"wp:term":[{"taxonomy":"category","embeddable":true,"href":"https:\/\/obscom.intervozes.org.br\/index.php?rest_route=%2Fwp%2Fv2%2Fcategories&post=27455"},{"taxonomy":"post_tag","embeddable":true,"href":"https:\/\/obscom.intervozes.org.br\/index.php?rest_route=%2Fwp%2Fv2%2Ftags&post=27455"}],"curies":[{"name":"wp","href":"https:\/\/api.w.org\/{rel}","templated":true}]}}