{"id":27454,"date":"2013-05-22T14:35:24","date_gmt":"2013-05-22T14:35:24","guid":{"rendered":"https:\/\/obscom.intervozes.org.br\/wordpress\/?p=27454"},"modified":"2013-05-22T14:35:24","modified_gmt":"2013-05-22T14:35:24","slug":"financiamento-para-midia-alternativa-e-tema-de-audiencia-publica-em-recife","status":"publish","type":"post","link":"https:\/\/obscom.intervozes.org.br\/?p=27454","title":{"rendered":"Financiamento para m\u00eddia alternativa \u00e9 tema de audi\u00eancia p\u00fablica em Recife"},"content":{"rendered":"<p><strong>Reda&ccedil;&atilde;o &#8211; Assessoria Dep. Luciana Santos<\/strong><\/p>\n<p>Ser&aacute; realizada uma audi&ecirc;ncia p&uacute;blica para debater as formas de financiamento para as m&iacute;dias alternativas na pr&oacute;xima segunda-feira (27), em Recife. A sess&atilde;o faz parte das atividades da subcomiss&atilde;o especial da Comiss&atilde;o de Ci&ecirc;ncia e Tecnologia, Comunica&ccedil;&atilde;o e Inform&aacute;tica da C&acirc;mara de Deputados, cuja relatoria &eacute; da deputada Luciana Santos, e acontecer&aacute; a partir das 9h no Audit&oacute;rio Ben&iacute;cio Dias do Museu do Homem do Nordeste &ndash; Fundaj (Av. 17 de Agosto, 2187, Casa Forte).<\/p>\n<p>O debate contar&aacute; com a presen&ccedil;a do secret&aacute;rio de Ci&ecirc;ncia e Tecnologia de Pernambuco, Marcelino Granja, do jornalista Ivan Moraes, do centro Cultural Luiz Freire, al&eacute;m de representantes da sociedade civil organizada.&nbsp; Para a deputada Luciana expor os trabalhos da subcomiss&atilde;o para a an&aacute;lise e contribui&ccedil;&atilde;o da popula&ccedil;&atilde;o &eacute; fundamental para a o fortalecimento da m&iacute;dia alternativa e consequentemente para a democratiza&ccedil;&atilde;o da comunica&ccedil;&atilde;o no pa&iacute;s.<\/p>\n","protected":false},"excerpt":{"rendered":"<p>Reda&ccedil;&atilde;o &#8211; Assessoria Dep. Luciana Santos Ser&aacute; realizada uma audi&ecirc;ncia p&uacute;blica para debater as formas de financiamento para as m&iacute;dias alternativas na pr&oacute;xima segunda-feira (27), em Recife. A sess&atilde;o faz parte das atividades da subcomiss&atilde;o especial da Comiss&atilde;o de Ci&ecirc;ncia e Tecnologia, Comunica&ccedil;&atilde;o e Inform&aacute;tica da C&acirc;mara de Deputados, cuja relatoria &eacute; da deputada Luciana &hellip; <a href=\"https:\/\/obscom.intervozes.org.br\/?p=27454\" class=\"more-link\">Continue lendo <span class=\"screen-reader-text\">Financiamento para m\u00eddia alternativa \u00e9 tema de audi\u00eancia p\u00fablica em Recife<\/span> <span class=\"meta-nav\">&rarr;<\/span><\/a><\/p>\n","protected":false},"author":1,"featured_media":0,"comment_status":"open","ping_status":"open","sticky":false,"template":"","format":"standard","meta":{"footnotes":""},"categories":[39],"tags":[],"_links":{"self":[{"href":"https:\/\/obscom.intervozes.org.br\/index.php?rest_route=\/wp\/v2\/posts\/27454"}],"collection":[{"href":"https:\/\/obscom.intervozes.org.br\/index.php?rest_route=\/wp\/v2\/posts"}],"about":[{"href":"https:\/\/obscom.intervozes.org.br\/index.php?rest_route=\/wp\/v2\/types\/post"}],"author":[{"embeddable":true,"href":"https:\/\/obscom.intervozes.org.br\/index.php?rest_route=\/wp\/v2\/users\/1"}],"replies":[{"embeddable":true,"href":"https:\/\/obscom.intervozes.org.br\/index.php?rest_route=%2Fwp%2Fv2%2Fcomments&post=27454"}],"version-history":[{"count":0,"href":"https:\/\/obscom.intervozes.org.br\/index.php?rest_route=\/wp\/v2\/posts\/27454\/revisions"}],"wp:attachment":[{"href":"https:\/\/obscom.intervozes.org.br\/index.php?rest_route=%2Fwp%2Fv2%2Fmedia&parent=27454"}],"wp:term":[{"taxonomy":"category","embeddable":true,"href":"https:\/\/obscom.intervozes.org.br\/index.php?rest_route=%2Fwp%2Fv2%2Fcategories&post=27454"},{"taxonomy":"post_tag","embeddable":true,"href":"https:\/\/obscom.intervozes.org.br\/index.php?rest_route=%2Fwp%2Fv2%2Ftags&post=27454"}],"curies":[{"name":"wp","href":"https:\/\/api.w.org\/{rel}","templated":true}]}}