{"id":27452,"date":"2013-05-20T16:45:08","date_gmt":"2013-05-20T16:45:08","guid":{"rendered":"https:\/\/obscom.intervozes.org.br\/wordpress\/?p=27452"},"modified":"2014-09-07T03:03:06","modified_gmt":"2014-09-07T03:03:06","slug":"forum-mundial-de-midia-livre-divulga-declaracao-final-de-tunes","status":"publish","type":"post","link":"https:\/\/obscom.intervozes.org.br\/?p=27452","title":{"rendered":"F\u00f3rum Mundial de M\u00eddia Livre divulga Declara\u00e7\u00e3o final de Tunes"},"content":{"rendered":"<p>Junto com o lan&ccedil;amento do processo de constru&ccedil;&atilde;o da <a href=\"http:\/\/localhost\/intervozes_direitoacomunicacao\/wordpress\/?p=27453\">Carta Mundial de M&iacute;dia Livre<\/a> , a comiss&atilde;o organizadora do III FMML divulgou esta semana a Declara&ccedil;&atilde;o final de Tunes, aprovada pela Assembleia de Converg&ecirc;ncia pelo Direito &agrave; Comunica&ccedil;&atilde;o do F&oacute;rum Social Mundial 2013. O documento, entre outros pontos, destaca a import&acirc;ncia da m&iacute;dia livre nas lutas pela transforma&ccedil;&atilde;o social na Tun&iacute;sia e das r&aacute;dios comunit&aacute;rias para o exerc&iacute;cio da liberdade de express&atilde;o nos pa&iacute;ses africanos.<\/p>\n<p>Leia abaixo a &iacute;ntegra do documento:<strong><\/p>\n<p>Declara&ccedil;&atilde;o de Tunes<\/strong><br \/><em>Documento aprovado pela Assembleia de Converg&ecirc;ncia pelo Direito &agrave; Comunica&ccedil;&atilde;o do F&oacute;rum Social Mundial 2013.<\/em><\/p>\n<p>Tunes, 29 de mar&ccedil;o de 2013.<br \/>N&oacute;s, participantes, protagonistas e ativistas (s) da informa&ccedil;&atilde;o alternativa, que utilizamos a comunica&ccedil;&atilde;o como ferramenta para a mudan&ccedil;a social e defendemos o direito &agrave; comunica&ccedil;&atilde;o e a liberdade de express&atilde;o, reunidos(as) em Tunes de 24 a 29 mar&ccedil;o de 2013, no III F&oacute;rum Mundial de M&iacute;dia Livre (III FMML), consideramos essa reuni&atilde;o altamente simb&oacute;lica, pois foi realizada no pa&iacute;s onde as m&iacute;dias livres t&ecirc;m desempenhado um papel importante na mudan&ccedil;a social.<\/p>\n<p>Durante esse F&oacute;rum, que deu aten&ccedil;&atilde;o especial &agrave;s r&aacute;dios comunit&aacute;rias e associativas, ferramentas indiscut&iacute;veis para a democratiza&ccedil;&atilde;o, mas n&atilde;o s&atilde;o reconhecidas legalmente em pa&iacute;ses da regi&atilde;o,&nbsp; diferentes temas foram discutidos: o processo do FMML, o direito &agrave; comunica&ccedil;&atilde;o e informa&ccedil;&atilde;o como bens comuns, a apropria&ccedil;&atilde;o tecnol&oacute;gica, as condi&ccedil;&otilde;es para uma internet livre, a regula&ccedil;&atilde;o e principalmente as condi&ccedil;&otilde;es para promo&ccedil;&atilde;o deste o setor de interesse p&uacute;blico como elemento essencial do desenvolvimento e da democracia.<\/p>\n<p>Considerando:<\/p>\n<p>&ndash; Que a informa&ccedil;&atilde;o e o conhecimento s&atilde;o bens comuns o direito &agrave; comunica&ccedil;&atilde;o &eacute; um direito fundamental e inalien&aacute;vel;<br \/>&ndash; Que todo campo midi&aacute;tico, que &eacute; parte estruturante da democratiza&ccedil;&atilde;o do Estado e da sociedade, deve ser regido em observ&acirc;ncia ao Artigo 19 da Declara&ccedil;&atilde;o dos Direitos Humanos, assim como referenciado na &eacute;tica e na deontologia da comunica&ccedil;&atilde;o, tal como consignado pelas cartas adotadas mundialmente e promovidas regional e internacionalmente pelos profissionais da &aacute;rea. <\/p>\n<p>Constatando: <br \/>&ndash; O estrangulamento da comunica&ccedil;&atilde;o pelos poderes pol&iacute;tico, econ&ocirc;mico e industrial<br \/>&ndash; A instrumentaliza&ccedil;&atilde;o e a mercantiliza&ccedil;&atilde;o da informa&ccedil;&atilde;o pelos Estados e os grandes grupos de m&iacute;dia;<br \/>&ndash; O aumento da concentra&ccedil;&atilde;o de poder e dos grupos de m&iacute;dia;<br \/>&ndash; A incompatibilidade entre os velhos marcos&nbsp; legais e os sistemas de m&iacute;dia que evoluem&nbsp; junto com os avan&ccedil;os tecnol&oacute;gicos;<br \/>&ndash; Uma aus&ecirc;ncia quase total de leis em favor do acesso da cidadania &agrave; informa&ccedil;&atilde;o p&uacute;blica;<br \/>&ndash; A falta de apoio &agrave; cidadania para a produ&ccedil;&atilde;o e dissemina&ccedil;&atilde;o de informa&ccedil;&atilde;o plural, diversificada e cr&iacute;tica;<br \/>&ndash; Liberdades de express&atilde;o e de imprensa minadas por leis repressivas;<br \/>&ndash; Uma repress&atilde;o violenta contra a cidadania interessada na informa&ccedil;&atilde;o;<br \/>&ndash; A import&acirc;ncia da inclus&atilde;o digital para destravar o exerc&iacute;cio do direito &agrave; comunica&ccedil;&atilde;o;<br \/>&ndash; As amea&ccedil;as &agrave; prote&ccedil;&atilde;o de dados pessoais na internet;<br \/>&ndash; A falta de acesso aos meios de comunica&ccedil;&atilde;o pela maioria das popula&ccedil;&otilde;es economicamente desfavorecidas;<br \/>&ndash; A criminaliza&ccedil;&atilde;o, pela grande imprensa, da maioria das vozes sociais que desafiam a concentra&ccedil;&atilde;o de poder pol&iacute;tico, militar ou econ&ocirc;mico;<br \/>&ndash; A invisibiliza&ccedil;&atilde;o, pela grande imprensa, das ideias e os debates voltados &agrave; transforma&ccedil;&atilde;o da sociedade, em particular os que ocorrem no processo do F&oacute;rum Social Mundial;&nbsp; <br \/>&ndash; A emerg&ecirc;ncia de m&iacute;dias livres e cidad&atilde;s que contribuem &agrave;s mudan&ccedil;as sociais e pol&iacute;ticas, como demonstrado pela Primavera &Aacute;rabe.<\/p>\n<p>Observando mais particularmente no Maghreb-Machrek e na &Aacute;frica:<br \/>&ndash; A necessidade de um campo midi&aacute;tico diversificado e democr&aacute;tico, alimentado por uma participa&ccedil;&atilde;o efetiva e pelo exerc&iacute;cio leg&iacute;timo e protegido da liberdade de express&atilde;o pela cidadania; <br \/>&ndash; A luta pelo reconhecimento legal das r&aacute;dios comunit&aacute;rias e associativas, como uma alavanca decisiva para o futuro das sociedades e seus modos de governan&ccedil;a em a todos os n&iacute;veis e em todas as &aacute;reas da vida comunit&aacute;ria. <\/p>\n<p>Lan&ccedil;amos um chamado pelo\/a:<br \/>&ndash; Acesso livre e democr&aacute;tico &agrave; informa&ccedil;&atilde;o, de acordo com os princ&iacute;pios universais dos direitos humanos;<br \/>&ndash; Implementa&ccedil;&atilde;o do direito &agrave; comunica&ccedil;&atilde;o de acordo com as normas e conven&ccedil;&otilde;es internacionais;<br \/>A defesa de marcos regulat&oacute;rios que garantam o acesso &agrave; informa&ccedil;&atilde;o e&nbsp; liberdade de express&atilde;o para todos;<br \/>&ndash; Cria&ccedil;&atilde;o de autoridades reguladoras para a radiodifus&atilde;o, que sejam verdadeiramente independentes de autoridades pol&iacute;ticas e poder financeiro;<br \/>&ndash; Acesso ao espectro de r&aacute;dio pelas m&iacute;dias associativas e comunit&aacute;rias, especialmente na regi&atilde;o do Maghreb-Machrek, com o reconhecimento legal das r&aacute;dios comunit&aacute;rias que formam o terceiro setor de radiodifus&atilde;o, ao lado dos setores p&uacute;blico e privado, e a atribui&ccedil;&atilde;o de frequ&ecirc;ncias estas r&aacute;dios, de forma justa;<br \/>&ndash; Implementa&ccedil;&atilde;o de pol&iacute;ticas p&uacute;blicas de apoio &agrave; diversidade e pluralidade dos meios de comunica&ccedil;&atilde;o;<br \/>&ndash; Acesso gratuito e universal &agrave; conectividade com a Internet ;<br \/>&ndash; Defesa de uma Internet livre e&nbsp; governada democraticamente;<br \/>&ndash; Descentraliza&ccedil;&atilde;o e apropria&ccedil;&atilde;o de infraestrutura e software livre (Mesh P2P);<br \/>&ndash; Promo&ccedil;&atilde;o de criptografia para proteger o anonimato nas comunica&ccedil;&otilde;es;<br \/>&ndash; Promo&ccedil;&atilde;o da cultura livre, da banda larga livre, do acesso gratuito &agrave; Internet, do conceito de bens comuns e a defesa da filosofia do software livre, para garantir a soberania tecnol&oacute;gica.<\/p>\n<p>Nos comprometemos a:<br \/>&ndash; Aprofundar o di&aacute;logo entre a m&iacute;dia livre e movimentos sociais em torno dos direitos &agrave; comunica&ccedil;&atilde;o e ao conhecimento e da viola&ccedil;&atilde;o desses direitos;<br \/>&ndash; Apoiar iniciativas ativistas voltadas &agrave; efetiva&ccedil;&atilde;o do direito &agrave; comunica&ccedil;&atilde;o;<br \/>&ndash; Estabelecer uma rede para coordenar campanhas voltadas a proteger e refor&ccedil;ar o direito &agrave; comunica&ccedil;&atilde;o;<br \/>&ndash; Refletir sobre um modelo que garanta a viabilidade, sustentabilidade e independ&ecirc;ncia dos meios de comunica&ccedil;&atilde;o livres;<br \/>&ndash; Criar um grupo de redes de compartilhamento entre pa&iacute;ses do Norte e do Sul para promover a utiliza&ccedil;&atilde;o de hardware e software livres para democratiza&ccedil;&atilde;o e difus&atilde;o massiva dos saberes tecnol&oacute;gicos;<br \/>&ndash; Construir e desenvolver alternativas livres para refor&ccedil;ar o universo das redes sociais livres;<br \/>&ndash; Refletir sobre o impacto ambiental da utiliza&ccedil;&atilde;o de novas tecnologias;<br \/>&ndash; Defender que os eventos do F&oacute;rum Social Mundial sejam precedidos de um diagn&oacute;stico dos direitos, liberdades e garantias de comunica&ccedil;&atilde;o no pa&iacute;s sede, e do grau de acesso dos(as) habitantes aos meios de comunica&ccedil;&atilde;o;<br \/>&ndash; Desenvolver a Carta Mundial de M&iacute;dia Livre, que elenque valores,&nbsp; princ&iacute;pios e um c&oacute;digo de &eacute;tica comuns aos ativistas das m&iacute;dias livres;<br \/>&ndash; Continuar a constru&ccedil;&atilde;o do processo do F&oacute;rum Mundial de M&iacute;dia Livre.<\/p>\n","protected":false},"excerpt":{"rendered":"<p>A import&acirc;ncia da m&iacute;dia livre nas  lutas pela transforma&ccedil;&atilde;o social na Tun&iacute;sia e das r&aacute;dios comunit&aacute;rias  para o exerc&iacute;cio da liberdade de express&atilde;o nos pa&iacute;ses africanos s&atilde;o pontos de destaque do documento<\/p>\n","protected":false},"author":1,"featured_media":0,"comment_status":"open","ping_status":"open","sticky":false,"template":"","format":"standard","meta":{"footnotes":""},"categories":[40],"tags":[1767],"_links":{"self":[{"href":"https:\/\/obscom.intervozes.org.br\/index.php?rest_route=\/wp\/v2\/posts\/27452"}],"collection":[{"href":"https:\/\/obscom.intervozes.org.br\/index.php?rest_route=\/wp\/v2\/posts"}],"about":[{"href":"https:\/\/obscom.intervozes.org.br\/index.php?rest_route=\/wp\/v2\/types\/post"}],"author":[{"embeddable":true,"href":"https:\/\/obscom.intervozes.org.br\/index.php?rest_route=\/wp\/v2\/users\/1"}],"replies":[{"embeddable":true,"href":"https:\/\/obscom.intervozes.org.br\/index.php?rest_route=%2Fwp%2Fv2%2Fcomments&post=27452"}],"version-history":[{"count":1,"href":"https:\/\/obscom.intervozes.org.br\/index.php?rest_route=\/wp\/v2\/posts\/27452\/revisions"}],"predecessor-version":[{"id":28317,"href":"https:\/\/obscom.intervozes.org.br\/index.php?rest_route=\/wp\/v2\/posts\/27452\/revisions\/28317"}],"wp:attachment":[{"href":"https:\/\/obscom.intervozes.org.br\/index.php?rest_route=%2Fwp%2Fv2%2Fmedia&parent=27452"}],"wp:term":[{"taxonomy":"category","embeddable":true,"href":"https:\/\/obscom.intervozes.org.br\/index.php?rest_route=%2Fwp%2Fv2%2Fcategories&post=27452"},{"taxonomy":"post_tag","embeddable":true,"href":"https:\/\/obscom.intervozes.org.br\/index.php?rest_route=%2Fwp%2Fv2%2Ftags&post=27452"}],"curies":[{"name":"wp","href":"https:\/\/api.w.org\/{rel}","templated":true}]}}