{"id":27445,"date":"2013-05-13T11:15:43","date_gmt":"2013-05-13T11:15:43","guid":{"rendered":"https:\/\/obscom.intervozes.org.br\/wordpress\/?p=27445"},"modified":"2013-05-13T11:15:43","modified_gmt":"2013-05-13T11:15:43","slug":"telefone-popular-pouca-divulgacao-resultados-pifios","status":"publish","type":"post","link":"https:\/\/obscom.intervozes.org.br\/?p=27445","title":{"rendered":"Telefone popular: pouca divulga\u00e7\u00e3o, resultados p\u00edfios"},"content":{"rendered":"<p>Apresentado na reuni&atilde;o do Conselho Consultivo do dia 30 de abril,&nbsp; o Relat&oacute;rio 2012 da Anatel mostra que n&atilde;o basta formular uma pol&iacute;tica p&uacute;blica correta. &Eacute; preciso empenho das concession&aacute;rias, fiscaliza&ccedil;&atilde;o da ag&ecirc;ncia e divulga&ccedil;&atilde;o dos servi&ccedil;os.<\/p>\n<p>O fraco desempenho do Aice (acesso individual de classe especial), o telefone popular, foi alvo de cr&iacute;ticas do Instituto Telecom, que tamb&eacute;m apresentou sugest&otilde;es a v&aacute;rios itens. Na reuni&atilde;o, al&eacute;m da apresenta&ccedil;&atilde;o do Relat&oacute;rio 2012 foram eleitos os novos presidente e vice do Conselho Consultivo &#8211; Leonardo Rescoe Bessa e Marcello Miranda, do Instituto Telecom, respectivamente.<\/p>\n<p>Dentre as cr&iacute;ticas feitas, o representante da sociedade civil e do Instituto lamentou que o Conselho Diretor da ag&ecirc;ncia tenha levado um ano para responder as interroga&ccedil;&otilde;es e sugest&otilde;es feitas pelo Conselho Consultivo no Relat&oacute;rio de 2011. E a exemplo do que ocorreu no ano passado, o novo Relat&oacute;rio tamb&eacute;m n&atilde;o faz nenhuma cita&ccedil;&atilde;o aos trabalhadores do setor e ao alto n&iacute;vel de terceiriza&ccedil;&atilde;o, principalmente na rede externa e nos call centers.<\/p>\n<p>Os principais itens destacados pelo Instituto Telecom no Relat&oacute;rio 2012 da Anatel foram:<br \/><strong><br \/>Aice (acesso individual de classe especial<\/strong>) &ndash; Os assinantes deste servi&ccedil;o t&ecirc;m direito &agrave; franquia mensal de 90 minutos em chamadas para telefones fixos pagando por isso, no m&aacute;ximo, R$ 14,80. No cronograma definido, desde junho de 2012 o Aice est&aacute; dispon&iacute;vel para fam&iacute;lias com renda de at&eacute; um sal&aacute;rio m&iacute;nimo. Ocorre que no final de 2012 havia cerca de 11,5 milh&otilde;es de fam&iacute;lias com renda de at&eacute; um sal&aacute;rio m&iacute;nimo registradas no Cadastro &Uacute;nico do Minist&eacute;rio de Desenvolvimento Social e Combate &agrave; Fome. Apesar disso, apenas 53,6 mil fam&iacute;lias possu&iacute;am o telefone popular. Mesmo com as limita&ccedil;&otilde;es desse produto &#8211; para realizar chamadas para celular &eacute; necess&aacute;rio inserir cr&eacute;ditos -, a pouca divulga&ccedil;&atilde;o pela Anatel e nenhuma pelas concession&aacute;rias foi o que levou a esse quadro. &Eacute; preciso que a ag&ecirc;ncia fa&ccedil;a valer as diretrizes definidas por ela pr&oacute;pria para a divulga&ccedil;&atilde;o da oferta do telefone popular pelas concession&aacute;rias.<br \/><strong><br \/>Banda Larga nas escolas <\/strong>&ndash; O projeto &eacute; positivo, mas temos d&uacute;vidas sobre os n&uacute;meros apresentados no Relat&oacute;rio, de que todas as 64,5 mil escolas estavam conectadas, 89,2% das quais com velocidade de 2 Mbps e apenas 2,27% com velocidade acima disso. Cobramos que a Anatel e o MEC informem qual a real situa&ccedil;&atilde;o do projeto. Quantas escolas realmente recebem esta conex&atilde;o e quantas t&ecirc;m computadores\/laborat&oacute;rios que utilizam a banda larga?<\/p>\n<p><strong>Licita&ccedil;&atilde;o de direito de explora&ccedil;&atilde;o de sat&eacute;lite brasileiro &ndash;<\/strong> Somos favor&aacute;veis ao aumento da capacidade satelital brasileira para atender as atuais demandas no setor e &agrave;quelas antecipadas por eventos como a Copa de 2014 e as Olimp&iacute;adas. No entanto, nos lotes licitados houve um &aacute;gio que variou de 254,85% (quarto) a 3.579,82% (primeiro). A quest&atilde;o &eacute;: por que houve uma dist&acirc;ncia t&atilde;o grande entre os valores licitados e os oferecidos?<br \/><strong><br \/>Modelo de Custos<\/strong> &ndash; &Eacute; essencial para que a Anatel tenha clareza, por exemplo, da fixa&ccedil;&atilde;o das tarifas de uso de rede de telefonia fixa. Mas a privatiza&ccedil;&atilde;o ocorreu em 1998 e o projeto s&oacute; teve in&iacute;cio em 2011. Est&aacute;, portanto, muito atrasado. S&oacute;15 anos depois &eacute; que poderemos ter essa ferramenta para subsidiar as a&ccedil;&otilde;es regulat&oacute;rias, contribuindo &ldquo;para tornar as pol&iacute;ticas p&uacute;blicas para o setor mais efetivas ao longo do tempo&rdquo;. <br \/><strong><br \/>Revitaliza&ccedil;&atilde;o e moderniza&ccedil;&atilde;o dos orelh&otilde;es <\/strong>&ndash; No primeiro caso, as concession&aacute;rias devem garantir que no m&iacute;nimo 90% dos orelh&otilde;es estejam funcionando em cada estado. Apesar da Anatel obrigar a gratuidade de chamadas de telefones p&uacute;blicos de duas concession&aacute;rias que apresentaram&nbsp; desempenho insatisfat&oacute;rio em rela&ccedil;&atilde;o &agrave; revitaliza&ccedil;&atilde;o dos orelh&otilde;es,o que se percebe &eacute; o total descaso com uma rede cada vez mais sucateada, suja e, na maioria das vezes, sem ru&iacute;do para a realiza&ccedil;&atilde;o de chamadas. Quanto &agrave; moderniza&ccedil;&atilde;o, o acesso &agrave; internet &eacute; uma forma de valorizar a rede p&uacute;blica de telecomunica&ccedil;&otilde;es e um facilitador para a inclus&atilde;o digital. Cobramos da Anatel um planejamento transparente e anual do n&uacute;mero de orelh&otilde;es que ter&atilde;o acesso &agrave; internet.<br \/><strong><br \/>Bens revers&iacute;veis<\/strong> &ndash; Apesar da ag&ecirc;ncia apresentar no relat&oacute;rio a distribui&ccedil;&atilde;o dos bens revers&iacute;veis (desde meios de transmiss&atilde;o at&eacute; equipamentos de transmiss&atilde;o e telessupervis&atilde;o), restou a preocupa&ccedil;&atilde;o de que a Anatel s&oacute; realiza fiscaliza&ccedil;&otilde;es pontuais. H&aacute; necessidade de maior transpar&ecirc;ncia no processo, com fiscaliza&ccedil;&atilde;o mais ampla.<\/p>\n<p><strong>Audi&ecirc;ncias p&uacute;blicas<\/strong> &ndash; &Eacute; positiva a a&ccedil;&atilde;o da ag&ecirc;ncia de transmitir os&nbsp; encontros pela internet.&nbsp; Mas insistimos que deve haver maior divulga&ccedil;&atilde;o das audi&ecirc;ncias nos diversos meios de comunica&ccedil;&atilde;o para ampliar a participa&ccedil;&atilde;o da sociedade.<\/p>\n<p>O Instituto Telecom dar&aacute; todo o apoio ao representante do Senado, Marcos Augustus Martins, escolhido como relator da mat&eacute;ria, de forma que possa ocorrer um aperfei&ccedil;oamento do Relat&oacute;rio e uma melhoria substancial nas telecomunica&ccedil;&otilde;es brasileiras.<\/p>\n","protected":false},"excerpt":{"rendered":"<p>Dentre as cr&iacute;ticas feitas, o representante da sociedade civil e do  Instituto lamentou que o Conselho Diretor da ag&ecirc;ncia tenha levado um ano  para responder as interroga&ccedil;&otilde;es e sugest&otilde;es feitas pelo Conselho  Consultivo no Relat&oacute;rio de 2011.<\/p>\n","protected":false},"author":1,"featured_media":0,"comment_status":"open","ping_status":"open","sticky":false,"template":"","format":"standard","meta":{"footnotes":""},"categories":[42],"tags":[],"_links":{"self":[{"href":"https:\/\/obscom.intervozes.org.br\/index.php?rest_route=\/wp\/v2\/posts\/27445"}],"collection":[{"href":"https:\/\/obscom.intervozes.org.br\/index.php?rest_route=\/wp\/v2\/posts"}],"about":[{"href":"https:\/\/obscom.intervozes.org.br\/index.php?rest_route=\/wp\/v2\/types\/post"}],"author":[{"embeddable":true,"href":"https:\/\/obscom.intervozes.org.br\/index.php?rest_route=\/wp\/v2\/users\/1"}],"replies":[{"embeddable":true,"href":"https:\/\/obscom.intervozes.org.br\/index.php?rest_route=%2Fwp%2Fv2%2Fcomments&post=27445"}],"version-history":[{"count":0,"href":"https:\/\/obscom.intervozes.org.br\/index.php?rest_route=\/wp\/v2\/posts\/27445\/revisions"}],"wp:attachment":[{"href":"https:\/\/obscom.intervozes.org.br\/index.php?rest_route=%2Fwp%2Fv2%2Fmedia&parent=27445"}],"wp:term":[{"taxonomy":"category","embeddable":true,"href":"https:\/\/obscom.intervozes.org.br\/index.php?rest_route=%2Fwp%2Fv2%2Fcategories&post=27445"},{"taxonomy":"post_tag","embeddable":true,"href":"https:\/\/obscom.intervozes.org.br\/index.php?rest_route=%2Fwp%2Fv2%2Ftags&post=27445"}],"curies":[{"name":"wp","href":"https:\/\/api.w.org\/{rel}","templated":true}]}}