{"id":27441,"date":"2013-05-06T18:04:56","date_gmt":"2013-05-06T18:04:56","guid":{"rendered":"https:\/\/obscom.intervozes.org.br\/wordpress\/?p=27441"},"modified":"2013-05-06T18:04:56","modified_gmt":"2013-05-06T18:04:56","slug":"ato-publico-em-campinas-denuncia-criminalizacao-de-radios-comunitarias","status":"publish","type":"post","link":"https:\/\/obscom.intervozes.org.br\/?p=27441","title":{"rendered":"Ato p\u00fablico em Campinas denuncia criminaliza\u00e7\u00e3o de r\u00e1dios comunit\u00e1rias"},"content":{"rendered":"<p>A Associa&ccedil;&atilde;o Brasileira de Radiodifus&atilde;o Comunit&aacute;ria em S&atilde;o Paulo (Abra&ccedil;o-SP) realiza ato contra a criminaliza&ccedil;&atilde;o das r&aacute;dios comunit&aacute;rias no dia 7 de maio, &agrave;s 12h, partindo do largo do Par&aacute; em dire&ccedil;&atilde;o ao F&oacute;rum da Justi&ccedil;a Federal de Campinas. A manifesta&ccedil;&atilde;o acontece no local em que estar&atilde;o sendo ouvidas as testemunhas de defesa do coordenador da entidade e radialista, Jerry Oliveira. <\/p>\n<p>O r&eacute;u &eacute; indiciado por cal&uacute;nia, inj&uacute;ria, extors&atilde;o, amea&ccedil;a, resist&ecirc;ncia e incita&ccedil;&atilde;o &agrave; viol&ecirc;ncia durante a tentativa de defender emissoras comunit&aacute;rias diante do que teria sido uma a&ccedil;&atilde;o irregular de fiscais da Ag&ecirc;ncia Nacional de Telecomunica&ccedil;&otilde;es (Anatel).&nbsp; Segundo a Abra&ccedil;o-SP, os agentes invadiram as r&aacute;dios, no dia 22 de outubro de 2010, &ldquo;sem mandado judicial e em descumprimento &agrave; pr&oacute;pria posi&ccedil;&atilde;o da Ag&ecirc;ncia de que n&atilde;o poderia fazer o fechamento sem o presente mandado&rdquo;. <\/p>\n<p>Camila Marques, advogada do Centro de Refer&ecirc;ncia Legal e Liberdade de Express&atilde;o da Artigo 19, considera que o caso de Oliveira &ldquo;&eacute; mesmo mais um ato de criminaliza&ccedil;&atilde;o&rdquo;. Segundo ela, comunicadores populares t&ecirc;m sido &ldquo;processados criminalmente por exercer atividade de radiodifus&atilde;o de forma irregular&rdquo;, sendo que a pr&oacute;pria regulamenta&ccedil;&atilde;o brasileira &ldquo;empurra radialistas comunit&aacute;rios para a irregularidade&rdquo; e trata como &ldquo;crimes processos que deveriam ser compreendidos no &acirc;mbito administrativo&rdquo;.<\/p>\n<p>No caso de Oliveira, a execu&ccedil;&atilde;o da a&ccedil;&atilde;o pelos funcion&aacute;rios da Anatel, tratando como crime a comunica&ccedil;&atilde;o comunit&aacute;ria e adentrando a casa de radialistas, teria se deparado com a resist&ecirc;ncia de indiv&iacute;duos diretamente envolvidos ou solid&aacute;rios &agrave;s atividades das emissoras. &Agrave; criminaliza&ccedil;&atilde;o da comunica&ccedil;&atilde;o comunit&aacute;ria teria se sobreposto, ent&atilde;o, a criminaliza&ccedil;&atilde;o da mobiliza&ccedil;&atilde;o social, voltando-se contra o coordenador da Abra&ccedil;o-SP, que teria se prontificado a enfrentar diretamente o que seria uma a&ccedil;&atilde;o ilegal de agentes do governo e assumido as consequ&ecirc;ncias e o risco de bloquear uma a&ccedil;&atilde;o do Estado. <\/p>\n<p>A Abra&ccedil;o-SP v&ecirc; no processo e nas acusa&ccedil;&otilde;es uma s&eacute;rie de &ldquo;irregularidades e viola&ccedil;&atilde;o de Direitos Humanos&rdquo; com a clara inten&ccedil;&atilde;o de criminalizar Oliveira e o movimento das r&aacute;dios comunit&aacute;rias. Segundo a entidade, n&atilde;o houve, por exemplo, a devida aten&ccedil;&atilde;o por parte da justi&ccedil;a &ldquo;ao laudo da per&iacute;cia em rela&ccedil;&atilde;o a uma grava&ccedil;&atilde;o apresentada pela Anatel que comprovou sua edi&ccedil;&atilde;o no sentido de criminalizar a nossa a&ccedil;&atilde;o&rdquo;.<\/p>\n<p><strong>Fiscaliza&ccedil;&otilde;es com uso da viol&ecirc;ncia<\/strong><\/p>\n<p>De acordo com o <a href=\"http:\/\/artigo19.org\/wp-content\/uploads\/2013\/03\/CIDH-RadCom-Documento-final-3.pdf\">relat&oacute;rio <\/a> apresentado, em mar&ccedil;o deste ano, &agrave; Organiza&ccedil;&atilde;o dos Estados Americanos (OEA) pela Artigo 19 e pela Associa&ccedil;&atilde;o Mundial de R&aacute;dio Comunit&aacute;rias (Amarc), as a&ccedil;&otilde;es fiscalizat&oacute;rias da Anatel s&atilde;o muitas vezes marcadas por viol&ecirc;ncia psicol&oacute;gica e f&iacute;sica. Conforme o documento,&ldquo;a utiliza&ccedil;&atilde;o de san&ccedil;&otilde;es penais pode gerar medo e, em casos extremos, auto-censura. Contudo, a situa&ccedil;&atilde;o se agrava ainda mais quando as atividades fiscalizat&oacute;rias s&atilde;o revestidas de viol&ecirc;ncia f&iacute;sica ou psicol&oacute;gica&rdquo;.<\/p>\n<p>Seria este o caso da r&aacute;dio Bicuda em Br&aacute;z de Pina no Estado do Rio de Janeiro. Quatro carros da Policia Federal e da Anatel teriam chegado &agrave; r&aacute;dio com agentes e policiais fortemente armados e de maneira agressiva, quebrando materiais de registro, levando material e prendendo tr&ecirc;s pessoas<\/p>\n<p>O mesmo teria acontecido com a R&aacute;dio Pop FM, em Nova Igua&ccedil;u, Rio de Janeiro. A r&aacute;dio que possui um T&iacute;tulo de Utilidade Publica da C&acirc;mara de Vereadores de Nova Igua&ccedil;u foi alvo de uma a&ccedil;&atilde;o Policial. A Pol&iacute;cia Federal, sem apresentar o mandado, juntamente com dois fiscais da Anatel, teriam arrombado a porta da r&aacute;dio e coagido os radialistas a entrarem no carro para procurarem e identificarem outras r&aacute;dios pelo bairro. Ap&oacute;s isso, foram levados para a delegacia da Pol&iacute;cia Federal em Nova Igua&ccedil;u, interrogados e indiciados.<\/p>\n","protected":false},"excerpt":{"rendered":"<p>Mobiliza&ccedil;&atilde;o vai ao f&oacute;rum onde estar&atilde;o sendo prestados depoimentos das testemunhas de defesa de militante indiciado por resistir ao fechamento de r&aacute;dios. <\/p>\n","protected":false},"author":1,"featured_media":0,"comment_status":"open","ping_status":"open","sticky":false,"template":"","format":"standard","meta":{"footnotes":""},"categories":[40],"tags":[1560],"_links":{"self":[{"href":"https:\/\/obscom.intervozes.org.br\/index.php?rest_route=\/wp\/v2\/posts\/27441"}],"collection":[{"href":"https:\/\/obscom.intervozes.org.br\/index.php?rest_route=\/wp\/v2\/posts"}],"about":[{"href":"https:\/\/obscom.intervozes.org.br\/index.php?rest_route=\/wp\/v2\/types\/post"}],"author":[{"embeddable":true,"href":"https:\/\/obscom.intervozes.org.br\/index.php?rest_route=\/wp\/v2\/users\/1"}],"replies":[{"embeddable":true,"href":"https:\/\/obscom.intervozes.org.br\/index.php?rest_route=%2Fwp%2Fv2%2Fcomments&post=27441"}],"version-history":[{"count":0,"href":"https:\/\/obscom.intervozes.org.br\/index.php?rest_route=\/wp\/v2\/posts\/27441\/revisions"}],"wp:attachment":[{"href":"https:\/\/obscom.intervozes.org.br\/index.php?rest_route=%2Fwp%2Fv2%2Fmedia&parent=27441"}],"wp:term":[{"taxonomy":"category","embeddable":true,"href":"https:\/\/obscom.intervozes.org.br\/index.php?rest_route=%2Fwp%2Fv2%2Fcategories&post=27441"},{"taxonomy":"post_tag","embeddable":true,"href":"https:\/\/obscom.intervozes.org.br\/index.php?rest_route=%2Fwp%2Fv2%2Ftags&post=27441"}],"curies":[{"name":"wp","href":"https:\/\/api.w.org\/{rel}","templated":true}]}}