{"id":27440,"date":"2013-05-03T17:06:31","date_gmt":"2013-05-03T17:06:31","guid":{"rendered":"https:\/\/obscom.intervozes.org.br\/wordpress\/?p=27440"},"modified":"2013-05-03T17:06:31","modified_gmt":"2013-05-03T17:06:31","slug":"joaquim-barbosa-ve-ausencia-de-pluralismo-na-midia-brasileira","status":"publish","type":"post","link":"https:\/\/obscom.intervozes.org.br\/?p=27440","title":{"rendered":"Joaquim Barbosa v\u00ea aus\u00eancia de pluralismo na m\u00eddia brasileira"},"content":{"rendered":"<p>Em discurso no evento de comemora&ccedil;&atilde;o do Dia Mundial da Liberdade de Imprensa, realizado pela Unesco, na Costa Rica, no dia 3 de maio, o presidente do Supremo Tribunal Federal, Joaquim Barbosa, afirmou que a m&iacute;dia brasileira &eacute; afetada pela aus&ecirc;ncia de pluralismo. Ressaltando que neste ponto falava como acad&ecirc;mico, e n&atilde;o como presidente do STF, ele avaliou que esta caracter&iacute;stica pode ser percebida especialmente pela aus&ecirc;ncia de negros nos meios de comunica&ccedil;&atilde;o e pela pouca diversidade pol&iacute;tica e ideol&oacute;gica da m&iacute;dia.<\/p>\n<p>A apresenta&ccedil;&atilde;o do presidente do STF se deu em quatro partes voltadas a apresentar uma perspectiva multifacetada sobre liberdade de imprensa. Na abertura, reafirmou o compromisso da corte e do pa&iacute;s com a liberdade de express&atilde;o e de imprensa, e ressaltou que uma imprensa livre, aberta e economicamente s&oacute;lida &eacute; o melhor ant&iacute;doto contra arbitrariedades. Barbosa lembrou a aus&ecirc;ncia de censura p&uacute;blica no Brasil desde a redemocratiza&ccedil;&atilde;o em 1985.<\/p>\n<p>Na segunda parte, o ministro apresentou como o tema &eacute; tratado na Constitui&ccedil;&atilde;o de 1988, que pela primeira vez reservou um cap&iacute;tulo espec&iacute;fico para a comunica&ccedil;&atilde;o. Segundo Barbosa, no sistema legal brasileiro nenhum direito fundamental deve ser tratado como absoluto, mas sempre interpretado em completa harmonia com outros direitos, como privacidade, imagem pessoal e, citando textualmente o texto constitucional, &ldquo;o respeito aos valores &eacute;ticos e sociais da pessoa e da fam&iacute;lia&rdquo;. Nesse sentido, ressaltou o ministro, o sistema legal brasileiro relaciona a liberdade de express&atilde;o com a responsabilidade legal correspondente. &ldquo;A lei se aplica a todos e deve ser obedecida. A liberdade de imprensa n&atilde;o opera como uma folha em branco ou como um sinal verde para violar as regras da sociedade&rdquo;, afirmou Barbosa.<\/p>\n<p>Na terceira parte de seu discurso, Joaquim Barbosa apresentou dois casos em que o Supremo Tribunal Federal teve que lidar com a liberdade de express&atilde;o e de imprensa. No primeiro, lembrou a a an&aacute;lise que o STF teve de fazer sobre a publica&ccedil;&atilde;o de obras racistas contra judeus por parte de Siegfried Ellwanger. Neste caso, a corte avaliou que a prote&ccedil;&atilde;o dos direitos do povo judeu deveria prevalecer em rela&ccedil;&atilde;o ao direito de publicar casos discriminat&oacute;rios. Em seguida, falou sobre a lei de imprensa, que foi derrubada pelo Supremo por ser considerada em desacordo com a Constitui&ccedil;&atilde;o e extremamente opressora aos direitos de liberdade de express&atilde;o e de imprensa.<\/p>\n<p>Antes de encerrar, por&eacute;m, Barbosa fez quest&atilde;o de ressaltar que n&atilde;o estaria sendo sincero se n&atilde;o destacasse os problemas que via na m&iacute;dia brasileira. Falando da aus&ecirc;ncia de diversidade racial, o ministro lembrou que embora pretos e mulatos correspondam &agrave; metade da popula&ccedil;&atilde;o, &eacute; muito rara sua presen&ccedil;a nos est&uacute;dios de televis&atilde;o e nas posi&ccedil;&otilde;es de poder e lideran&ccedil;a na maioria das emissoras. &ldquo;Eles raramente s&atilde;o chamados para expressar suas posi&ccedil;&otilde;es e sua expertise, e de forma geral s&atilde;o tratados de forma estereotipada&rdquo;, afirmou o ministro.<\/p>\n<p>Avaliando a aus&ecirc;ncia de diversidade pol&iacute;tico-ideol&oacute;gica, Barbosa lembrou que h&aacute; apenas tr&ecirc;s jornais de circula&ccedil;&atilde;o nacional, &ldquo;todos eles com tend&ecirc;ncia ao pensamento de direita&rdquo;. Para ele, a aus&ecirc;ncia de pluralismo &eacute; uma amea&ccedil;a ao direito das minorias. Barbosa finalizou suas observa&ccedil;&otilde;es sobre os problemas do sistema de comunica&ccedil;&atilde;o destacando o problema da viol&ecirc;ncia contra jornalistas. &ldquo;S&oacute; neste ano foram assassinados quatro profissionais, todos eles trabalhando para pequenos ve&iacute;culos. Os casos de assassinatos s&atilde;o quase todos ligados a den&uacute;ncias de corrup&ccedil;&atilde;o ou de tr&aacute;fico de drogas em &acirc;mbito local, e representam grave viola&ccedil;&atilde;o de direitos humanos&rdquo;.<\/p>\n<p>Em resposta a questionamentos do p&uacute;blico, Barbosa lembrou um dos motivos da impunidade nos crimes contra a liberdade de imprensa &eacute; a disfuncionalidade do sistema judicial brasileira, que tem quatro n&iacute;veis e &ldquo;infinitas possibilidades de apelo&rdquo;. Al&eacute;m disto, a justi&ccedil;a brasileira tem, na perspectivas de Barbosa, sistemas de prote&ccedil;&atilde;o aos poderosos, que influenciam&nbsp; diretamente os ju&iacute;zes. &ldquo;A justi&ccedil;a condena pobres e pretos, gente sem conex&atilde;o. As pessoas s&atilde;o tratadas de forma diferente de acordo com seu status, cor de pele ou poder econ&ocirc;mico&rdquo;, concluiu Barbosa.<\/p>\n","protected":false},"excerpt":{"rendered":"<p>Em evento da Unesco, presidente do STF critica a m&iacute;dia brasileira, fala de liberdade de express&atilde;o e de imprensa e denuncia a exclus&atilde;o de uma parcela da sociedade nos meios de comunica&ccedil;&atilde;o<\/p>\n","protected":false},"author":1,"featured_media":0,"comment_status":"open","ping_status":"open","sticky":false,"template":"","format":"standard","meta":{"footnotes":""},"categories":[40],"tags":[139],"_links":{"self":[{"href":"https:\/\/obscom.intervozes.org.br\/index.php?rest_route=\/wp\/v2\/posts\/27440"}],"collection":[{"href":"https:\/\/obscom.intervozes.org.br\/index.php?rest_route=\/wp\/v2\/posts"}],"about":[{"href":"https:\/\/obscom.intervozes.org.br\/index.php?rest_route=\/wp\/v2\/types\/post"}],"author":[{"embeddable":true,"href":"https:\/\/obscom.intervozes.org.br\/index.php?rest_route=\/wp\/v2\/users\/1"}],"replies":[{"embeddable":true,"href":"https:\/\/obscom.intervozes.org.br\/index.php?rest_route=%2Fwp%2Fv2%2Fcomments&post=27440"}],"version-history":[{"count":0,"href":"https:\/\/obscom.intervozes.org.br\/index.php?rest_route=\/wp\/v2\/posts\/27440\/revisions"}],"wp:attachment":[{"href":"https:\/\/obscom.intervozes.org.br\/index.php?rest_route=%2Fwp%2Fv2%2Fmedia&parent=27440"}],"wp:term":[{"taxonomy":"category","embeddable":true,"href":"https:\/\/obscom.intervozes.org.br\/index.php?rest_route=%2Fwp%2Fv2%2Fcategories&post=27440"},{"taxonomy":"post_tag","embeddable":true,"href":"https:\/\/obscom.intervozes.org.br\/index.php?rest_route=%2Fwp%2Fv2%2Ftags&post=27440"}],"curies":[{"name":"wp","href":"https:\/\/api.w.org\/{rel}","templated":true}]}}