{"id":27438,"date":"2013-05-02T11:55:26","date_gmt":"2013-05-02T11:55:26","guid":{"rendered":"https:\/\/obscom.intervozes.org.br\/wordpress\/?p=27438"},"modified":"2013-05-02T11:55:26","modified_gmt":"2013-05-02T11:55:26","slug":"psol-aprova-resolucao-de-apoio-a-projeto-de-lei-para-democratizar-a-midia","status":"publish","type":"post","link":"https:\/\/obscom.intervozes.org.br\/?p=27438","title":{"rendered":"PSOL aprova resolu\u00e7\u00e3o de apoio a Projeto de Lei para democratizar a m\u00eddia"},"content":{"rendered":"<p><strong>Reda&ccedil;&atilde;o &#8211; Observat&oacute;rio do Direito &agrave; Comunica&ccedil;&atilde;o<\/strong><\/p>\n<p>O Diret&oacute;rio Nacional do PSOL aprovou no &uacute;ltimo domingo, 28, uma resolu&ccedil;&atilde;o que anuncia o apoio &agrave; campanha &quot;Para expressar a liberdade&quot; e &agrave; constru&ccedil;&atilde;o do Projeto de Lei de Iniciativa Popular para a comunica&ccedil;&atilde;o social eletr&ocirc;nica constru&iacute;do pelo movimento em defesa da democratiza&ccedil;&atilde;o da comunica&ccedil;&atilde;o. A proposta j&aacute; se encontra nas ruas em busca de assinaturas de apoio para que o texto possa ser levado ao Congresso Nacional com o devido envolvimento da popula&ccedil;&atilde;o no debate.<\/p>\n<p>O Diret&oacute;rio Nacional do PT e o Comit&ecirc; Central do PCdoB j&aacute; haviam aprovado em mar&ccedil;o apoio ao projeto e apontado a necessidade de um aprofundamento da democratiza&ccedil;&atilde;o da comunica&ccedil;&atilde;o. O texto do PSOL sobe o tom da cr&iacute;tica &agrave;s alian&ccedil;as do governo Dilma com os setores que concentram a propriedade dos meios de comunica&ccedil;&atilde;o e &agrave; exclus&atilde;o de setores progressistas da sociedade civil do debate.<\/p>\n<p><strong>Leia:<\/strong><br \/><a href=\"http:\/\/www.psol50.org.br\/site\/noticias\/1950\/por-unanimidade-psol-aprova-resolucao-em-defesa-da-democratizacao-da-comunicacao-e-contra-os-oligopolios-privados\">Resolu&ccedil;&atilde;o PSOL<\/a> <br \/><a href=\"http:\/\/www.pt.org.br\/noticias\/view\/diretorio_nacional_do_pt_aprova_resolucaeo_sobre_midia\">Resolu&ccedil;&atilde;o PT<\/a> <br \/><a href=\"http:\/\/www.vermelho.org.br\/noticia.php?id_noticia=209453&amp;id_secao=6\">Resolu&ccedil;&atilde;o PCdoB<\/a> <\/p>\n","protected":false},"excerpt":{"rendered":"<p>Reda&ccedil;&atilde;o &#8211; Observat&oacute;rio do Direito &agrave; Comunica&ccedil;&atilde;o O Diret&oacute;rio Nacional do PSOL aprovou no &uacute;ltimo domingo, 28, uma resolu&ccedil;&atilde;o que anuncia o apoio &agrave; campanha &quot;Para expressar a liberdade&quot; e &agrave; constru&ccedil;&atilde;o do Projeto de Lei de Iniciativa Popular para a comunica&ccedil;&atilde;o social eletr&ocirc;nica constru&iacute;do pelo movimento em defesa da democratiza&ccedil;&atilde;o da comunica&ccedil;&atilde;o. A proposta &hellip; <a href=\"https:\/\/obscom.intervozes.org.br\/?p=27438\" class=\"more-link\">Continue lendo <span class=\"screen-reader-text\">PSOL aprova resolu\u00e7\u00e3o de apoio a Projeto de Lei para democratizar a m\u00eddia<\/span> <span class=\"meta-nav\">&rarr;<\/span><\/a><\/p>\n","protected":false},"author":1,"featured_media":0,"comment_status":"open","ping_status":"open","sticky":false,"template":"","format":"standard","meta":{"footnotes":""},"categories":[39],"tags":[],"_links":{"self":[{"href":"https:\/\/obscom.intervozes.org.br\/index.php?rest_route=\/wp\/v2\/posts\/27438"}],"collection":[{"href":"https:\/\/obscom.intervozes.org.br\/index.php?rest_route=\/wp\/v2\/posts"}],"about":[{"href":"https:\/\/obscom.intervozes.org.br\/index.php?rest_route=\/wp\/v2\/types\/post"}],"author":[{"embeddable":true,"href":"https:\/\/obscom.intervozes.org.br\/index.php?rest_route=\/wp\/v2\/users\/1"}],"replies":[{"embeddable":true,"href":"https:\/\/obscom.intervozes.org.br\/index.php?rest_route=%2Fwp%2Fv2%2Fcomments&post=27438"}],"version-history":[{"count":0,"href":"https:\/\/obscom.intervozes.org.br\/index.php?rest_route=\/wp\/v2\/posts\/27438\/revisions"}],"wp:attachment":[{"href":"https:\/\/obscom.intervozes.org.br\/index.php?rest_route=%2Fwp%2Fv2%2Fmedia&parent=27438"}],"wp:term":[{"taxonomy":"category","embeddable":true,"href":"https:\/\/obscom.intervozes.org.br\/index.php?rest_route=%2Fwp%2Fv2%2Fcategories&post=27438"},{"taxonomy":"post_tag","embeddable":true,"href":"https:\/\/obscom.intervozes.org.br\/index.php?rest_route=%2Fwp%2Fv2%2Ftags&post=27438"}],"curies":[{"name":"wp","href":"https:\/\/api.w.org\/{rel}","templated":true}]}}