{"id":27437,"date":"2013-04-30T16:27:32","date_gmt":"2013-04-30T16:27:32","guid":{"rendered":"https:\/\/obscom.intervozes.org.br\/wordpress\/?p=27437"},"modified":"2014-09-07T03:03:05","modified_gmt":"2014-09-07T03:03:05","slug":"campanha-agita-o-pais-em-defesa-de-leis-para-uma-midia-democratica","status":"publish","type":"post","link":"https:\/\/obscom.intervozes.org.br\/?p=27437","title":{"rendered":"Campanha agita o pa\u00eds em defesa de leis para uma m\u00eddia democr\u00e1tica"},"content":{"rendered":"<p>A campanha &ldquo;Para expressar a liberdade&rdquo; leva &agrave;s ruas a partir desse 1&ordm; de maio uma proposta para a regulamenta&ccedil;&atilde;o da m&iacute;dia no pa&iacute;s. O Projeto de Lei de Iniciativa Popular que passa, ent&atilde;o, a ser divulgado foi formulado por entidades da sociedade civil orientadas pelas diretrizes apontadas pela I Confer&ecirc;ncia Nacional de Comunica&ccedil;&atilde;o. Com isso, espera-se mobilizar a popula&ccedil;&atilde;o para garantir mais democracia, liberdade e diversidade na comunica&ccedil;&atilde;o do Brasil, que possui leis anacr&ocirc;nicas (com mais de 50 anos) e que favorecem a concentra&ccedil;&atilde;o de poder econ&ocirc;mico e pol&iacute;tico.<\/p>\n<p>A estrat&eacute;gia consiste em levar o documento produzido para discutir com a popula&ccedil;&atilde;o e coletar assinaturas de apoio ao projeto de lei. A proposta de texto junto com o material de divulga&ccedil;&atilde;o j&aacute; se encontram dispon&iacute;veis para acesso por meio do site da campanha (<a href=\"http:\/\/www.paraexpressaraliberdade.org.br\/\">http:\/\/www.paraexpressaraliberdade.org.br\/<\/a> ).<\/p>\n<p>Foram programados tuita&ccedil;os na ter&ccedil;a (30\/4) e quarta (1\/5) com as hashtags #LeidaMidiaDemocratica #querofalartb #ParaExpressarALiberdade, com o objetivo de divulgar e agitar a popula&ccedil;&atilde;o para se engajar nessa luta. Por todo o pa&iacute;s, ativistas participam das celebra&ccedil;&otilde;es do Dia do Trabalhador e coletam assinaturas durante as atividades realizadas pelas centrais sindicais. A expectativa &eacute; ultrapassar a marca de 1,3 milh&atilde;o de assinaturas.<\/p>\n<p>Em Aracaju, acontecem tr&ecirc;s atos p&uacute;blicos puxados por centrais sindicais e partidos de esquerda no dia 1&ordm;. Em todos os atos s&atilde;o montadas &ldquo;banquinhas&rdquo; de coleta de assinaturas. &ldquo;Ser&aacute; o primeiro momento de agita&ccedil;&atilde;o, mas depois vamos concentrar esfor&ccedil;os em construir um planejamento de debates e atividades de coleta de assinaturas&rdquo;, afirma Paulo Victor Melo, integrante do Intervozes que participa da coordena&ccedil;&atilde;o das atividades da campanha em Sergipe.<\/p>\n<p>No Rio de Janeiro e em S&atilde;o Paulo o lan&ccedil;amento tamb&eacute;m acontece com a coleta de assinaturas durante os atos sindicais. Na capital carioca, a celebra&ccedil;&atilde;o dos trabalhadores foi antecipada pelas centrais sindicais para o dia 30 e a Frente Ampla pela Liberdade de Express&atilde;o do Rio de Janeiro (Fale-Rio) se mobilizou para estar presente e iniciar a divulga&ccedil;&atilde;o do Projeto de Lei em lugares como a Cinel&acirc;ndia e o Beco do Lume (j&aacute; houve <a href=\"http:\/\/localhost\/intervozes_direitoacomunicacao\/wordpress\/?p=27435\">pr&eacute;-lan&ccedil;amento no dia 26 na pra&ccedil;a XV<\/a> ). Os integrantes da se&ccedil;&atilde;o paulista da campanha estar&atilde;o presentes em lugares como o Pa&ccedil;o Municipal, em S&atilde;o Berbardo, dialogando com manifestantes e com a popula&ccedil;&atilde;o em geral. <\/p>\n<p>Em Bras&iacute;lia, a previs&atilde;o &eacute; sair um pouco do contexto das mobiliza&ccedil;&otilde;es trabalhistas coordenadas por centrais sindicais e partidos. Est&atilde;o previstos o lan&ccedil;amento do Projeto de Lei no acampamento Hugo Chavez, do Movimento dos Trabalhadores Sem-Terra (MST) a partir das 10h, e panfletagens durante a tarde nas proximidades da torre da TV.<\/p>\n<p><strong>A proposta<\/strong><\/p>\n<p>O projeto de lei de iniciativa popular tem o objetivo de regular os artigos da constitui&ccedil;&atilde;o federal que tratam da comunica&ccedil;&atilde;o social eletr&ocirc;nica. Segundo Renata Mielli, integrante da coordena&ccedil;&atilde;o da campanha &ldquo;Para expressar a liberdade&rdquo;, &ldquo;procura faz&ecirc;-lo olhando para a d&iacute;vida social e pol&iacute;tica acumulada por d&eacute;cadas de desregulamenta&ccedil;&atilde;o deste setor, que propiciou o surgimento de grandes monop&oacute;lios de comunica&ccedil;&atilde;o que ferem de forma sistem&aacute;tica a liberdade de express&atilde;o em nosso pa&iacute;s. Mas, tamb&eacute;m, tem o desafio de fazer uma regulamenta&ccedil;&atilde;o que dialogue com o processo acelerado de converg&ecirc;ncia tecnol&oacute;gica, marcado pelo surgimento de novas m&iacute;dias&rdquo;.<\/p>\n","protected":false},"excerpt":{"rendered":"<p>A mobiliza&ccedil;&otilde;es e coletas de assinaturas acontecem articuladas com as celebra&ccedil;&otilde;es dos trabalhadores. Redes sociais ser&atilde;o espa&ccedil;os de agita&ccedil;&atilde;o.<\/p>\n","protected":false},"author":1,"featured_media":0,"comment_status":"open","ping_status":"open","sticky":false,"template":"","format":"standard","meta":{"footnotes":""},"categories":[40],"tags":[1766],"_links":{"self":[{"href":"https:\/\/obscom.intervozes.org.br\/index.php?rest_route=\/wp\/v2\/posts\/27437"}],"collection":[{"href":"https:\/\/obscom.intervozes.org.br\/index.php?rest_route=\/wp\/v2\/posts"}],"about":[{"href":"https:\/\/obscom.intervozes.org.br\/index.php?rest_route=\/wp\/v2\/types\/post"}],"author":[{"embeddable":true,"href":"https:\/\/obscom.intervozes.org.br\/index.php?rest_route=\/wp\/v2\/users\/1"}],"replies":[{"embeddable":true,"href":"https:\/\/obscom.intervozes.org.br\/index.php?rest_route=%2Fwp%2Fv2%2Fcomments&post=27437"}],"version-history":[{"count":1,"href":"https:\/\/obscom.intervozes.org.br\/index.php?rest_route=\/wp\/v2\/posts\/27437\/revisions"}],"predecessor-version":[{"id":28316,"href":"https:\/\/obscom.intervozes.org.br\/index.php?rest_route=\/wp\/v2\/posts\/27437\/revisions\/28316"}],"wp:attachment":[{"href":"https:\/\/obscom.intervozes.org.br\/index.php?rest_route=%2Fwp%2Fv2%2Fmedia&parent=27437"}],"wp:term":[{"taxonomy":"category","embeddable":true,"href":"https:\/\/obscom.intervozes.org.br\/index.php?rest_route=%2Fwp%2Fv2%2Fcategories&post=27437"},{"taxonomy":"post_tag","embeddable":true,"href":"https:\/\/obscom.intervozes.org.br\/index.php?rest_route=%2Fwp%2Fv2%2Ftags&post=27437"}],"curies":[{"name":"wp","href":"https:\/\/api.w.org\/{rel}","templated":true}]}}