{"id":27435,"date":"2013-04-29T10:51:32","date_gmt":"2013-04-29T10:51:32","guid":{"rendered":"https:\/\/obscom.intervozes.org.br\/wordpress\/?p=27435"},"modified":"2013-04-29T10:51:32","modified_gmt":"2013-04-29T10:51:32","slug":"fale-rio-realiza-ato-na-praca-xv-por-uma-nova-lei-pra-comunicacao","status":"publish","type":"post","link":"https:\/\/obscom.intervozes.org.br\/?p=27435","title":{"rendered":"Fale-Rio realiza ato na Pra\u00e7a XV por uma nova lei pra comunica\u00e7\u00e3o"},"content":{"rendered":"<p><span class=\"padrao\">A sociedade civil mostrou nesse 26 de abril que se encontra mobilizada para lutar por uma regulamenta&ccedil;&atilde;o das comunica&ccedil;&otilde;es no Brasil mais democr&aacute;tica e que garanta direitos. Organiza&ccedil;&otilde;es e ativistas, impulsionados pela campanha &ldquo;Para expressar a liberdade&rdquo;, realizaram um ato p&uacute;blico na Pra&ccedil;a XV, no Rio de Janeiro, para dar visibilidade &agrave; discuss&atilde;o sobre o papel dos meios de comunica&ccedil;&atilde;o que &eacute; silenciada pela grande m&iacute;dia. <\/p>\n<p>A Frente Ampla pela Liberdade de Express&atilde;o do Rio de Janeiro (Fale-Rio) coordenou as atividades. Houve panfletagem e a apresenta&ccedil;&atilde;o dos objetivos da campanha por parte dos manifestantes para a popula&ccedil;&atilde;o que passava pela pra&ccedil;a, importante ponto de integra&ccedil;&atilde;o de transportes p&uacute;blicos do Rio de Janeiro. Pelo microfone do carro de som, a popula&ccedil;&atilde;o foi convidada a conhecer e assinar o Projeto de Lei de Iniciativa Popular para regulamentar a comunica&ccedil;&atilde;o que ter&aacute; seu lan&ccedil;amento oficial nas atividades previstas para as comemora&ccedil;&otilde;es do 1&ordm; de maio.<\/p>\n<p>Coordenador do F&oacute;rum Nacional pela Democratiza&ccedil;&atilde;o da Comunica&ccedil;&atilde;o (FNDC), Orlando Guilhon lembrou que a data escolhida para o ato p&uacute;blico &eacute; simb&oacute;lica, pois marca o anivers&aacute;rio das Organiza&ccedil;&otilde;es Globo, maior monop&oacute;lio de comunica&ccedil;&atilde;o de massa no Brasil. &ldquo;&Eacute; absurdo que nossa comunica&ccedil;&atilde;o seja controlada por poucas fam&iacute;lias e que a maior parte da popula&ccedil;&atilde;o n&atilde;o tenha direito a voz&rdquo;, afirmou. <\/p>\n<p><strong><br \/>&ldquo;Se essa onda pega, vai pegar noutro lugar&rdquo;<\/strong><\/p>\n<p>O ato p&uacute;blico contou com a participa&ccedil;&atilde;o de artistas que pautaram na letra de suas can&ccedil;&otilde;es a discuss&atilde;o da liberdade de express&atilde;o e da necessidade de transforma&ccedil;&atilde;o social que supere as opress&otilde;es sofridas cotidianamente. O funkeiro MC Leonardo cantou o antigo samba da S&atilde;o Clemente &ldquo;<a href=\"http:\/\/www.youtube.com\/watch?feature=player_embedded&amp;v=99vHr7gmYGY\">Quem avisa amigo &eacute;<\/a> &rdquo;, afirmando que com o controle cada vez maior do carnaval pela publicidade das empresas, dificilmente se ter&aacute; um tema que paute as quest&otilde;es sociais criticamente como j&aacute; foi feito. Foi seguido pelo grupo Levante, pelo Rapper Fiel e pela banda de m&uacute;sica do Sindicato dos Petroleiros (Sindipetro). <\/p>\n<p>Ironicamente, em outro extremo da Pra&ccedil;a XV, simultaneamente ao ato,uma das empresas que concentram a propriedade da telecomunica&ccedil;&atilde;o no pa&iacute;s cercavam o espa&ccedil;o p&uacute;blico com grades para a produ&ccedil;&atilde;o de um comercial da sua marca de servi&ccedil;os de telefonia.<\/p>\n<p><strong>Abrindo para novas vozes<\/strong><\/p>\n<p>A campanha &ldquo;Para expressar a liberdade&rdquo; promoveu tamb&eacute;m em Pernambuco atividades de pr&eacute;-lan&ccedil;amento do Projeto de Lei de Iniciativa Popular. O F&oacute;rum Pernambucano de Comunica&ccedil;&atilde;o (FOPECOM) com o apoio da organiza&ccedil;&atilde;o do festival de m&uacute;sica Abril pro Rock exibiu, durante a realiza&ccedil;&atilde;o do evento, o v&iacute;deo &ldquo;Cordel da Regulamenta&ccedil;&atilde;o&rdquo;, produzido pelo Centro Cultural Luiz Freire, que pauta o tema do direito humano &agrave; comunica&ccedil;&atilde;o.<\/p>\n<p><\/span><\/p>\n","protected":false},"excerpt":{"rendered":"<p><!--[if gte mso 9]><xml>  <w:WordDocument>   <w:View>Normal<\/w:View>   <w:Zoom>0<\/w:Zoom>   <w:HyphenationZone>21<\/w:HyphenationZone>   <w:PunctuationKerning\/>   <w:ValidateAgainstSchemas\/>   <w:SaveIfXMLInvalid>false<\/w:SaveIfXMLInvalid>   <w:IgnoreMixedContent>false<\/w:IgnoreMixedContent>   <w:AlwaysShowPlaceholderText>false<\/w:AlwaysShowPlaceholderText>   <w:Compatibility>    <w:BreakWrappedTables\/>    <w:SnapToGridInCell\/>    <w:WrapTextWithPunct\/>    <w:UseAsianBreakRules\/>    <w:DontGrowAutofit\/>   <\/w:Compatibility>   <w:BrowserLevel>MicrosoftInternetExplorer4<\/w:BrowserLevel>  <\/w:WordDocument> <\/xml><![endif]-->  <\/p>\n<p class=\"MsoNormal\"><span class=\"padrao\">Pr&eacute;-lan&ccedil;amento do Projeto de Lei de Iniciativa Popular &eacute; marcado por atividades culturais. Pernambuco exibiu v&iacute;deo que tematiza a regulamenta&ccedil;&atilde;o da comunica&ccedil;&atilde;o durante festival de m&uacute;sica<\/span><\/p>\n<p>  <!--[if gte mso 9]><xml>  <w:LatentStyles DefLockedState=\"false\" LatentStyleCount=\"156\">  <\/w:LatentStyles> <\/xml><![endif]--><!--[if gte mso 10]> \n\n<style>  \/* Style Definitions *\/  table.MsoNormalTable \t{mso-style-name:\"Tabela normal\"; \tmso-tstyle-rowband-size:0; \tmso-tstyle-colband-size:0; \tmso-style-noshow:yes; \tmso-style-parent:\"\"; \tmso-padding-alt:0cm 5.4pt 0cm 5.4pt; \tmso-para-margin:0cm; \tmso-para-margin-bottom:.0001pt; \tmso-pagination:widow-orphan; \tfont-size:10.0pt; \tfont-family:\"Times New Roman\"; \tmso-ansi-language:#0400; \tmso-fareast-language:#0400; \tmso-bidi-language:#0400;} <\/style>\n\n <![endif]--><\/p>\n","protected":false},"author":1,"featured_media":0,"comment_status":"open","ping_status":"open","sticky":false,"template":"","format":"standard","meta":{"footnotes":""},"categories":[40],"tags":[1766],"_links":{"self":[{"href":"https:\/\/obscom.intervozes.org.br\/index.php?rest_route=\/wp\/v2\/posts\/27435"}],"collection":[{"href":"https:\/\/obscom.intervozes.org.br\/index.php?rest_route=\/wp\/v2\/posts"}],"about":[{"href":"https:\/\/obscom.intervozes.org.br\/index.php?rest_route=\/wp\/v2\/types\/post"}],"author":[{"embeddable":true,"href":"https:\/\/obscom.intervozes.org.br\/index.php?rest_route=\/wp\/v2\/users\/1"}],"replies":[{"embeddable":true,"href":"https:\/\/obscom.intervozes.org.br\/index.php?rest_route=%2Fwp%2Fv2%2Fcomments&post=27435"}],"version-history":[{"count":0,"href":"https:\/\/obscom.intervozes.org.br\/index.php?rest_route=\/wp\/v2\/posts\/27435\/revisions"}],"wp:attachment":[{"href":"https:\/\/obscom.intervozes.org.br\/index.php?rest_route=%2Fwp%2Fv2%2Fmedia&parent=27435"}],"wp:term":[{"taxonomy":"category","embeddable":true,"href":"https:\/\/obscom.intervozes.org.br\/index.php?rest_route=%2Fwp%2Fv2%2Fcategories&post=27435"},{"taxonomy":"post_tag","embeddable":true,"href":"https:\/\/obscom.intervozes.org.br\/index.php?rest_route=%2Fwp%2Fv2%2Ftags&post=27435"}],"curies":[{"name":"wp","href":"https:\/\/api.w.org\/{rel}","templated":true}]}}