{"id":27433,"date":"2013-04-23T17:52:00","date_gmt":"2013-04-23T17:52:00","guid":{"rendered":"https:\/\/obscom.intervozes.org.br\/wordpress\/?p=27433"},"modified":"2013-04-23T17:52:00","modified_gmt":"2013-04-23T17:52:00","slug":"campanha-leva-as-ruas-projeto-de-lei-de-iniciativa-popular-para-as-comunicacoes","status":"publish","type":"post","link":"https:\/\/obscom.intervozes.org.br\/?p=27433","title":{"rendered":"Campanha leva \u00e0s ruas Projeto de Lei de Iniciativa Popular para as Comunica\u00e7\u00f5es"},"content":{"rendered":"<p>Uma nova lei para a comunica&ccedil;&atilde;o social no Brasil. Esse deve ser um dos temas que entra na agenda da sociedade brasileira a partir do pr&oacute;ximo 1&ordm; de maio. A campanha &ldquo;Para Expressar a Liberdade&rdquo; decidiu em sua plen&aacute;ria realizada em S&atilde;o Paulo, no dia 19 de abril, que a data seria a escolhida para levar &agrave;s ruas o Projeto de Lei de Iniciativa Popular a ser discutido com a popula&ccedil;&atilde;o e para o in&iacute;cio da coleta de assinaturas ao documento.<\/p>\n<p>O Projeto de Lei de Iniciativa Popular tem por objetivo mobilizar a sociedade brasileira em torno da proposta de regulamentar a comunica&ccedil;&atilde;o social eletr&ocirc;nica no pa&iacute;s. As leis que regem o setor est&atilde;o hoje defasadas e cheias de lacunas, pois ou foram estabelecidas h&aacute; cerca de 50 anos (caso do C&oacute;digo Brasileiro de Telecomunica&ccedil;&otilde;es) ou n&atilde;o tiveram desenvolvidos dispositivos que garantam o seu funcionamento efetivo (caso do cap&iacute;tulo sobre Comunica&ccedil;&atilde;o Social da Constitui&ccedil;&atilde;o).<\/p>\n<p>Diante das esquivas e negativas do governo Dilma de iniciar o debate sobre a necessidade de regulamentar o setor, a sociedade civil organizadas na campanha &quot;Para Expressar a Liberdade &#8211; Uma nova lei para um novo tempo&quot; decidiu formular uma proposta de lei para para discutir com a sociedade e apresent&aacute;-lo ao Congresso. A expectativa dos organizadores &eacute; de que se consiga coletar pelo menos 1,3 milh&atilde;o de assinaturas de apoio.<\/p>\n<p>A plen&aacute;ria do dia 19 reuniu mais de 30 entidades, representativas de setores que lidam direta ou indiretamente com o tema do direito humano &agrave; comunica&ccedil;&atilde;o, para debater o projeto elaborado pelo Grupo de Formula&ccedil;&atilde;o da campanha &ldquo;Para Expressar a Liberdade&rdquo;. A discuss&atilde;o focalizou pontos como o da propriedade cruzada, a distribui&ccedil;&atilde;o das outorgas, o tratamento dos conte&uacute;dos e a rela&ccedil;&atilde;o dos ve&iacute;culos com o proselitismo religioso.<\/p>\n<p>A iniciativa tem sido considerada por alguns bastante positiva por sua capacidade de aglutina&ccedil;&atilde;o. Jo&atilde;o Brant, do Intervozes, coletivo que integra a campanha, considera que &ldquo;o projeto tem a capacidade de unir for&ccedil;as da esquerda brasileira que em outros campos est&atilde;o divididas&rdquo;. Para Renata Mielli, do Centro de Estudos Bar&atilde;o de Itarar&eacute;, &ldquo;essa &eacute; a proposta do enfrentamento pol&iacute;tico, de enfrentar a imobilidade do governo e mobilizar amplos setores da sociedade&rdquo;. Rosane Bertotti, secret&aacute;ria nacional de Comunica&ccedil;&atilde;o da CUT e coordenadora geral do FNDC, considera que com o projeto se tem &ldquo;uma proposta concreta&rdquo; para se debater com a sociedade.<\/p>\n<p>A abertura do encontro contou, pela manh&atilde; com a presen&ccedil;a de Rosane Bertotti, de Altamiro Borges (Bar&atilde;o de Itarar&eacute;), do deputado Ivan Valente (PSOL), de S&ocirc;nia Coelho (Marcha Mundial das Mulheres) e de Celso Schroeder, presidente da Federa&ccedil;&atilde;o Nacional de Jornalistas (Fenaj). Durante a tarde, o documento foi debatido com os representantes da sociedade civil e do movimento social com a coordena&ccedil;&atilde;o de Renata Mielli, de Jo&atilde;o Brant, de Orlando Guilhon (FNDC\/Arpub) e do professor Marcos Dantas (UFRJ). As contribui&ccedil;&otilde;es feitas ao texto ser&atilde;o adicionadas durante a semana e a vers&atilde;o consolidada ser&aacute; analisada em reuni&atilde;o de trabalho nesta quinta-feira, dia 25, em S&atilde;o Paulo.<\/p>\n","protected":false},"excerpt":{"rendered":"<p>Reunidas em plen&aacute;ria no dia 19 de abril, entidades da sociedade  civil decidiram lan&ccedil;ar no 1&ordm; de maio (Dia do Trabalhador) projeto para regulamentar a  comunica&ccedil;&atilde;o. A meta &eacute; colher 1,3 milh&atilde;o de assinaturas.<br \/>&nbsp;<\/p>\n","protected":false},"author":1,"featured_media":0,"comment_status":"open","ping_status":"open","sticky":false,"template":"","format":"standard","meta":{"footnotes":""},"categories":[40],"tags":[830],"_links":{"self":[{"href":"https:\/\/obscom.intervozes.org.br\/index.php?rest_route=\/wp\/v2\/posts\/27433"}],"collection":[{"href":"https:\/\/obscom.intervozes.org.br\/index.php?rest_route=\/wp\/v2\/posts"}],"about":[{"href":"https:\/\/obscom.intervozes.org.br\/index.php?rest_route=\/wp\/v2\/types\/post"}],"author":[{"embeddable":true,"href":"https:\/\/obscom.intervozes.org.br\/index.php?rest_route=\/wp\/v2\/users\/1"}],"replies":[{"embeddable":true,"href":"https:\/\/obscom.intervozes.org.br\/index.php?rest_route=%2Fwp%2Fv2%2Fcomments&post=27433"}],"version-history":[{"count":0,"href":"https:\/\/obscom.intervozes.org.br\/index.php?rest_route=\/wp\/v2\/posts\/27433\/revisions"}],"wp:attachment":[{"href":"https:\/\/obscom.intervozes.org.br\/index.php?rest_route=%2Fwp%2Fv2%2Fmedia&parent=27433"}],"wp:term":[{"taxonomy":"category","embeddable":true,"href":"https:\/\/obscom.intervozes.org.br\/index.php?rest_route=%2Fwp%2Fv2%2Fcategories&post=27433"},{"taxonomy":"post_tag","embeddable":true,"href":"https:\/\/obscom.intervozes.org.br\/index.php?rest_route=%2Fwp%2Fv2%2Ftags&post=27433"}],"curies":[{"name":"wp","href":"https:\/\/api.w.org\/{rel}","templated":true}]}}