{"id":27424,"date":"2013-04-09T12:32:38","date_gmt":"2013-04-09T12:32:38","guid":{"rendered":"https:\/\/obscom.intervozes.org.br\/wordpress\/?p=27424"},"modified":"2013-04-09T12:32:38","modified_gmt":"2013-04-09T12:32:38","slug":"senadores-se-queixam-da-qualidade-do-servico-de-telecomunicacoes","status":"publish","type":"post","link":"https:\/\/obscom.intervozes.org.br\/?p=27424","title":{"rendered":"Senadores se queixam da qualidade do servi\u00e7o de telecomunica\u00e7\u00f5es"},"content":{"rendered":"<p>Durante a audi&ecirc;ncia realizada na Comiss&atilde;o de Ci&ecirc;ncia, Tecnologia, Inova&ccedil;&atilde;o, Comunica&ccedil;&atilde;o e Inform&aacute;tica (CCT) do Senado, no dia 9 de abril, destacaram-se as queixas dos parlamentares em rela&ccedil;&atilde;o &agrave; qualidade do servi&ccedil;o de telefonia dirigidas ao ministro das Comunica&ccedil;&otilde;es, Paulo Bernardo. A reuni&atilde;o convocada pelo senador Zeze Perrella (PDT-MG) foi marcada com o objetivo de discutir os 15 anos da lei geral de telecomunica&ccedil;&otilde;es, a agenda regulat&oacute;ria 2013\/2014, a internet e a nova estrutura da Ag&ecirc;ncia Nacional de Telecomunica&ccedil;&otilde;es (Anatel). O ministro Paulo Bernardo <\/p>\n<p>Para o vice-presidente da casa, senador Jorge Vianna (PT-AC), &ldquo;a qualidade do servi&ccedil;o &eacute; sofr&iacute;vel&rdquo;. O parlamentar deu como exemplo a dificuldade no interior do Senado com o sinal de telefonia celular, que disse ser &ldquo;o pior do Brasil&rdquo;. A qualidade do servi&ccedil;o que havia sido prometida como a &ldquo;j&oacute;ia da coroa&rdquo; do processo de privatiza&ccedil;&atilde;o das telecomunica&ccedil;&otilde;es n&atilde;o foi oferecida de fato, de acordo com o que expressou o senador.<\/p>\n<p>O senador Benedito de Lira (PP-AL) tamb&eacute;m destacou as defici&ecirc;ncias do servi&ccedil;o de telefonia e ouviu do ministro que o problema estava relacionado com a r&aacute;pida expans&atilde;o do setor n&atilde;o prevista anteriormente. Segundo Paulo Bernardo, as empresas t&ecirc;m sido cobradas, o que exemplificou com a proibi&ccedil;&atilde;o tempor&aacute;ria na venda de chips realizada no ano passado. &ldquo;N&oacute;s podemos assegurar que as medidas que estamos tomando ser&atilde;o capazes de assegurar um servi&ccedil;o de melhor qualidade&rdquo;, afirmou o ministro.<\/p>\n<p>De acordo com o &Iacute;ndice Nacional de Satisfa&ccedil;&atilde;o do Consumidor medido pela ESPM, o setor de telecom em fevereiro obteve um n&iacute;vel de satisfa&ccedil;&atilde;o de 23,6%, o menor desde que come&ccedil;ou a ser mensurado em abril de 2011. <\/p>\n<p>O ministro saiu da reuni&atilde;o com a comiss&atilde;o ap&oacute;s uma hora de sabatina por ter agendado uma audi&ecirc;ncia com a presidenta Dilma. O presidente da Anatel, Jo&atilde;o Batista Rezende, que estava aguardando para participar da discuss&atilde;o foi dispensado e convidado a retornar em outro momento, encerrando-se assim a audi&ecirc;ncia rel&acirc;mpago.<\/p>\n","protected":false},"excerpt":{"rendered":"<p>Em breve audi&ecirc;ncia com o ministro Paulo Bernardo sobre 15 anos da Lei Geral de Telecomunica&ccedil;&otilde;es, senadores cobraram melhorias no servi&ccedil;o do setor<\/p>\n","protected":false},"author":1,"featured_media":0,"comment_status":"open","ping_status":"open","sticky":false,"template":"","format":"standard","meta":{"footnotes":""},"categories":[40],"tags":[1763],"_links":{"self":[{"href":"https:\/\/obscom.intervozes.org.br\/index.php?rest_route=\/wp\/v2\/posts\/27424"}],"collection":[{"href":"https:\/\/obscom.intervozes.org.br\/index.php?rest_route=\/wp\/v2\/posts"}],"about":[{"href":"https:\/\/obscom.intervozes.org.br\/index.php?rest_route=\/wp\/v2\/types\/post"}],"author":[{"embeddable":true,"href":"https:\/\/obscom.intervozes.org.br\/index.php?rest_route=\/wp\/v2\/users\/1"}],"replies":[{"embeddable":true,"href":"https:\/\/obscom.intervozes.org.br\/index.php?rest_route=%2Fwp%2Fv2%2Fcomments&post=27424"}],"version-history":[{"count":0,"href":"https:\/\/obscom.intervozes.org.br\/index.php?rest_route=\/wp\/v2\/posts\/27424\/revisions"}],"wp:attachment":[{"href":"https:\/\/obscom.intervozes.org.br\/index.php?rest_route=%2Fwp%2Fv2%2Fmedia&parent=27424"}],"wp:term":[{"taxonomy":"category","embeddable":true,"href":"https:\/\/obscom.intervozes.org.br\/index.php?rest_route=%2Fwp%2Fv2%2Fcategories&post=27424"},{"taxonomy":"post_tag","embeddable":true,"href":"https:\/\/obscom.intervozes.org.br\/index.php?rest_route=%2Fwp%2Fv2%2Ftags&post=27424"}],"curies":[{"name":"wp","href":"https:\/\/api.w.org\/{rel}","templated":true}]}}