{"id":27420,"date":"2013-04-08T16:02:08","date_gmt":"2013-04-08T16:02:08","guid":{"rendered":"https:\/\/obscom.intervozes.org.br\/wordpress\/?p=27420"},"modified":"2013-04-08T16:02:08","modified_gmt":"2013-04-08T16:02:08","slug":"estatuto-da-juventude-pode-ter-secao-sobre-direito-a-comunicacao","status":"publish","type":"post","link":"https:\/\/obscom.intervozes.org.br\/?p=27420","title":{"rendered":"Estatuto da Juventude pode ter se\u00e7\u00e3o sobre direito \u00e0 comunica\u00e7\u00e3o"},"content":{"rendered":"<p>Foi aprovado no dia 4 de abril (quinta) pelo Senado o pedido de urg&ecirc;ncia na vota&ccedil;&atilde;o do Estatuto da Juventude (PLC 98\/2011). O acordo que possibilitou a agiliza&ccedil;&atilde;o do processo se deu entre as lideran&ccedil;as dos partidos. A decis&atilde;o sobre o projeto de lei est&aacute; prevista para o dia 10 (quarta) na casa e em seguida deve seguir para C&acirc;mara do Deputados e para a san&ccedil;&atilde;o da presidenta. O documento possui uma sess&atilde;o espec&iacute;fica que trata do direito &agrave; comunica&ccedil;&atilde;o dos jovens.<\/p>\n<p>O Estatuto da Juventude disp&otilde;e sobre os direitos dos jovens (15 a 29 anos) e os princ&iacute;pios e diretrizes das pol&iacute;ticas p&uacute;blicas de juventude. A inclus&atilde;o de um ponto espec&iacute;fico sobre o direito &agrave; comunica&ccedil;&atilde;o &eacute; fruto do debate que foi travado durante a 2&ordf; Confer&ecirc;ncia Nacional de Juventude, em dezembro de 2011, e que assimilou apontamentos da I Confer&ecirc;ncia Nacional de Comunica&ccedil;&atilde;o (Confecom).<\/p>\n<p>A se&ccedil;&atilde;o VII do cap&iacute;tulo que trata do direitos dos jovens, intitulada &ldquo;Do Direito &agrave; Comunica&ccedil;&atilde;o e &agrave; Liberdade de Express&atilde;o&rdquo; traz dois artigos nos quais afirma o &ldquo;direito &agrave; comunica&ccedil;&atilde;o e &agrave; livre express&atilde;o, &agrave; produ&ccedil;&atilde;o de conte&uacute;do, individual e colaborativo, e ao acesso &agrave;s tecnologias de informa&ccedil;&atilde;o e comunica&ccedil;&atilde;o&rdquo; e define medidas a serem tomadas pelo poder p&uacute;blico para a efetiva&ccedil;&atilde;o desse direito.<\/p>\n<p>Nilton Lopes, que esteve no Conselho Nacional de Juventude (Conjuve) durante a realiza&ccedil;&atilde;o da 2&ordf; Confer&ecirc;ncia, considera que &ldquo;ainda que a discuss&atilde;o n&atilde;o tenha sido colocada como prioridade, &eacute; um grande ganho que ela tenha entrado na pauta&rdquo;. Segundo ele, o tema foi praticamente ignorado na primeira confer&ecirc;ncia, mas ganhou for&ccedil;a e import&acirc;ncia na segunda, tendo um documento espec&iacute;fico produzido pelo Conjuve, que sistematizou discuss&otilde;es importantes da sociedade civil e serviu ainda para construir a metodologia do encontro.<\/p>\n<p>Para Lopes h&aacute; um &ldquo;grande ganho no que se conseguiu avan&ccedil;ar em termos de participa&ccedil;&atilde;o pol&iacute;tica do movimento de juventude no tema da comunica&ccedil;&atilde;o, embora ainda n&atilde;o tenhamos ainda uma pol&iacute;tica de comunica&ccedil;&atilde;o para esse segmento&rdquo;.<\/p>\n<p>Entre os temas pol&ecirc;micos do Estatuto da Juventude se destacou o do direito &agrave; meia entrada para eventos culturais, art&iacute;sticos e esportivos. Temendo que o direito &agrave; comunica&ccedil;&atilde;o fosse amea&ccedil;ado, optou-se pela sua separa&ccedil;&atilde;o da se&ccedil;&atilde;o que trata da cultura (se&ccedil;&atilde;o VI).<\/p>\n","protected":false},"excerpt":{"rendered":"<p>Prevista para o dia 10 de abril, vota&ccedil;&atilde;o pelo Senado de projeto de lei sobre direitos da juventude deve garantir a inclus&atilde;o da comunica&ccedil;&atilde;o como direito<\/p>\n","protected":false},"author":1,"featured_media":0,"comment_status":"open","ping_status":"open","sticky":false,"template":"","format":"standard","meta":{"footnotes":""},"categories":[40],"tags":[323],"_links":{"self":[{"href":"https:\/\/obscom.intervozes.org.br\/index.php?rest_route=\/wp\/v2\/posts\/27420"}],"collection":[{"href":"https:\/\/obscom.intervozes.org.br\/index.php?rest_route=\/wp\/v2\/posts"}],"about":[{"href":"https:\/\/obscom.intervozes.org.br\/index.php?rest_route=\/wp\/v2\/types\/post"}],"author":[{"embeddable":true,"href":"https:\/\/obscom.intervozes.org.br\/index.php?rest_route=\/wp\/v2\/users\/1"}],"replies":[{"embeddable":true,"href":"https:\/\/obscom.intervozes.org.br\/index.php?rest_route=%2Fwp%2Fv2%2Fcomments&post=27420"}],"version-history":[{"count":0,"href":"https:\/\/obscom.intervozes.org.br\/index.php?rest_route=\/wp\/v2\/posts\/27420\/revisions"}],"wp:attachment":[{"href":"https:\/\/obscom.intervozes.org.br\/index.php?rest_route=%2Fwp%2Fv2%2Fmedia&parent=27420"}],"wp:term":[{"taxonomy":"category","embeddable":true,"href":"https:\/\/obscom.intervozes.org.br\/index.php?rest_route=%2Fwp%2Fv2%2Fcategories&post=27420"},{"taxonomy":"post_tag","embeddable":true,"href":"https:\/\/obscom.intervozes.org.br\/index.php?rest_route=%2Fwp%2Fv2%2Ftags&post=27420"}],"curies":[{"name":"wp","href":"https:\/\/api.w.org\/{rel}","templated":true}]}}