{"id":27418,"date":"2013-04-04T11:48:06","date_gmt":"2013-04-04T11:48:06","guid":{"rendered":"https:\/\/obscom.intervozes.org.br\/wordpress\/?p=27418"},"modified":"2013-04-04T11:48:06","modified_gmt":"2013-04-04T11:48:06","slug":"aberta-selecao-para-autorizar-radios-comunitarias-em-61-cidades","status":"publish","type":"post","link":"https:\/\/obscom.intervozes.org.br\/?p=27418","title":{"rendered":"Aberta sele\u00e7\u00e3o para autorizar r\u00e1dios comunit\u00e1rias em 61 cidades"},"content":{"rendered":"<p><span class=\"padrao\"><strong>Reda&ccedil;&atilde;o &#8211; Minist&eacute;rio das Comunica&ccedil;&otilde;es<\/p>\n<p><\/strong>O Minist&eacute;rio das Comunica&ccedil;&otilde;es publicou nesta quarta-feira (3) um aviso de habilita&ccedil;&atilde;o para inscri&ccedil;&atilde;o de entidades interessadas em executar o servi&ccedil;o de radiodifus&atilde;o comunit&aacute;ria. O aviso vai autorizar r&aacute;dios comunit&aacute;rias em 61 munic&iacute;pios de v&aacute;rios estados do Brasil. As entidades t&ecirc;m o prazo de 60 dias para se inscrever.<\/p>\n<p>Os munic&iacute;pios contemplados s&atilde;o do Amazonas (2), Bahia (6), Cear&aacute; (6), Esp&iacute;rito Santo (1), Maranh&atilde;o (1), Minas Gerais (10), Mato Grosso do Sul (2), Mato Grosso (1), Par&aacute; (5), Para&iacute;ba (2), Pernambuco (3), Paran&aacute; (3), Rio de Janeiro (4), Rio Grande do Norte (1), Rio Grande do Sul (8), Santa Catarina (2) e S&atilde;o Paulo (4).<\/p>\n<p>O processo de sele&ccedil;&atilde;o das entidades deste aviso ser&aacute; conduzido pela sede do MiniCom, em Bras&iacute;lia, para onde dever&atilde;o ser encaminhadas as inscri&ccedil;&otilde;es e toda a documenta&ccedil;&atilde;o exigida. Este &eacute; o quarto aviso de habilita&ccedil;&atilde;o para r&aacute;dios comunit&aacute;rias que o Minist&eacute;rio das Comunica&ccedil;&otilde;es publica neste ano. At&eacute; o fim de 2013 ser&atilde;o mais nove avisos.<\/p>\n<p>Confira aqui a rela&ccedil;&atilde;o completa das cidades inclu&iacute;das no aviso de habilita&ccedil;&atilde;o e como ser&aacute; o processo de sele&ccedil;&atilde;o das entidades.<br \/><\/span><\/p>\n","protected":false},"excerpt":{"rendered":"<p>Reda&ccedil;&atilde;o &#8211; Minist&eacute;rio das Comunica&ccedil;&otilde;es O Minist&eacute;rio das Comunica&ccedil;&otilde;es publicou nesta quarta-feira (3) um aviso de habilita&ccedil;&atilde;o para inscri&ccedil;&atilde;o de entidades interessadas em executar o servi&ccedil;o de radiodifus&atilde;o comunit&aacute;ria. O aviso vai autorizar r&aacute;dios comunit&aacute;rias em 61 munic&iacute;pios de v&aacute;rios estados do Brasil. As entidades t&ecirc;m o prazo de 60 dias para se inscrever. Os &hellip; <a href=\"https:\/\/obscom.intervozes.org.br\/?p=27418\" class=\"more-link\">Continue lendo <span class=\"screen-reader-text\">Aberta sele\u00e7\u00e3o para autorizar r\u00e1dios comunit\u00e1rias em 61 cidades<\/span> <span class=\"meta-nav\">&rarr;<\/span><\/a><\/p>\n","protected":false},"author":1,"featured_media":0,"comment_status":"open","ping_status":"open","sticky":false,"template":"","format":"standard","meta":{"footnotes":""},"categories":[39],"tags":[],"_links":{"self":[{"href":"https:\/\/obscom.intervozes.org.br\/index.php?rest_route=\/wp\/v2\/posts\/27418"}],"collection":[{"href":"https:\/\/obscom.intervozes.org.br\/index.php?rest_route=\/wp\/v2\/posts"}],"about":[{"href":"https:\/\/obscom.intervozes.org.br\/index.php?rest_route=\/wp\/v2\/types\/post"}],"author":[{"embeddable":true,"href":"https:\/\/obscom.intervozes.org.br\/index.php?rest_route=\/wp\/v2\/users\/1"}],"replies":[{"embeddable":true,"href":"https:\/\/obscom.intervozes.org.br\/index.php?rest_route=%2Fwp%2Fv2%2Fcomments&post=27418"}],"version-history":[{"count":0,"href":"https:\/\/obscom.intervozes.org.br\/index.php?rest_route=\/wp\/v2\/posts\/27418\/revisions"}],"wp:attachment":[{"href":"https:\/\/obscom.intervozes.org.br\/index.php?rest_route=%2Fwp%2Fv2%2Fmedia&parent=27418"}],"wp:term":[{"taxonomy":"category","embeddable":true,"href":"https:\/\/obscom.intervozes.org.br\/index.php?rest_route=%2Fwp%2Fv2%2Fcategories&post=27418"},{"taxonomy":"post_tag","embeddable":true,"href":"https:\/\/obscom.intervozes.org.br\/index.php?rest_route=%2Fwp%2Fv2%2Ftags&post=27418"}],"curies":[{"name":"wp","href":"https:\/\/api.w.org\/{rel}","templated":true}]}}